{"id":48327,"date":"2024-06-28T18:38:48","date_gmt":"2024-06-28T18:38:48","guid":{"rendered":"http:\/\/lahora.mx\/?p=48327"},"modified":"2024-06-28T18:38:49","modified_gmt":"2024-06-28T18:38:49","slug":"dia-internacional-del-orgullo-lgbtiq","status":"publish","type":"post","link":"https:\/\/lahora.mx\/index.php\/2024\/06\/28\/dia-internacional-del-orgullo-lgbtiq\/","title":{"rendered":"D\u00eda Internacional del Orgullo LGBTIQ+"},"content":{"rendered":"\n<p>La lucha de la comunidad LGBTIQ+ trascendi\u00f3 a lo largo de los a\u00f1os con el fin de que sus derechos como personas sean reconocidos y respetados; por lo que para alcanzar estos objetivos cada 28 de junio se conmemora el D\u00eda Internacional del Orgullo LGBTTTIQ+, fecha que hace hincapi\u00e9 en la lucha por la igualdad y visibilidad de las personas gais, lesbianas, bisexuales y transexuales, etc.<\/p>\n\n\n\n<p>Este d\u00eda tiene una importante historia detr\u00e1s, ya que adem\u00e1s de celebrar la libertad e igualdad, es un recordatorio de los disturbios ocurridos el 28 de junio de 1969 en Stonewall, Nueva York; suceso que marc\u00f3 el inicio del movimiento de liberaci\u00f3n homosexual.<br>Origen del D\u00eda del Orgullo LGBTIQ+<br>El 28 de junio de 1969 hubo una redada policial en el pub Stonewall Inn, ubicado en un barrio de la ciudad de Nueva York, durante ese suceso los polic\u00edas detuvieron a personas trans, drag queens y Kings que se encontraban en el sitio para arrestarlos por travestismo, lo que era ilegal en aquella \u00e9poca.<\/p>\n\n\n\n<p>Los disturbios de aquella noche y otros sucesos que ocurrieron dieron paso a las primeras manifestaciones para protestar en contra del sistema que persegu\u00eda a los homosexuales.<\/p>\n\n\n\n<p>De acuerdo con un art\u00edculo de la Universidad Interdisciplinaria de Ciencias Sociales de Sonora, en M\u00e9xico, los primeros movimientos relacionados con el D\u00eda del Orgullo iniciaron a finales de la d\u00e9cada de los 70, mismos que surgieron como parte de la conmemoraci\u00f3n del d\u00e9cimo aniversario del movimiento estudiantil del 68.<br>Mientras que en el estado de Puebla, la primera marcha del Orgullo LGBTIQ+ tuvo lugar el 31 de marzo de 2002, y de acuerdo con algunas fuentes, ese a\u00f1o solo se reunieron 30 personas para manifestarse en contra de la violencia hacia las personas de la comunidad.<\/p>\n\n\n\n<p>\u00bfCu\u00e1l es el objetivo del D\u00eda del Orgullo?<br>El D\u00eda Internacional del Orgullo LGBTIQ+ as\u00ed como las manifestaciones y diversos eventos que se organizan, tienen como principal objetivo promover el respeto y la igualdad de derechos ante la ley, as\u00ed como la dignidad y erradicar la discriminaci\u00f3n hacia las personas que forman parte de la comunidad LGBTIQ+.<\/p>\n\n\n\n<p>Si bien, en la actualidad son muchos los pa\u00edses que han reconocido los derechos de las personas LGBTIQ+, a\u00fan hay naciones en las que se establecieron leyes para penar la homosexualidad; por otro lado, la misma sociedad sigue estando alejada de aceptar una realidad que deber\u00eda haber sido normalizada desde hace mucho tiempo.<\/p>\n","protected":false},"excerpt":{"rendered":"<p>La lucha de la comunidad LGBTIQ+ trascendi\u00f3 a lo largo de los a\u00f1os con el fin de que sus derechos como personas sean reconocidos y respetados; por lo que para alcanzar estos objetivos cada 28 de junio se conmemora el D\u00eda Internacional del Orgullo LGBTTTIQ+, fecha que hace hincapi\u00e9 en la lucha por la igualdad [&hellip;]<\/p>\n","protected":false},"author":4,"featured_media":48328,"comment_status":"open","ping_status":"open","sticky":false,"template":"","format":"standard","meta":{"om_disable_all_campaigns":false,"_monsterinsights_skip_tracking":false,"_monsterinsights_sitenote_active":false,"_monsterinsights_sitenote_note":"","_monsterinsights_sitenote_category":0,"footnotes":""},"categories":[183],"tags":[],"class_list":["post-48327","post","type-post","status-publish","format-standard","has-post-thumbnail","hentry","category-internacional"],"amp_enabled":true,"_links":{"self":[{"href":"https:\/\/lahora.mx\/index.php\/wp-json\/wp\/v2\/posts\/48327","targetHints":{"allow":["GET"]}}],"collection":[{"href":"https:\/\/lahora.mx\/index.php\/wp-json\/wp\/v2\/posts"}],"about":[{"href":"https:\/\/lahora.mx\/index.php\/wp-json\/wp\/v2\/types\/post"}],"author":[{"embeddable":true,"href":"https:\/\/lahora.mx\/index.php\/wp-json\/wp\/v2\/users\/4"}],"replies":[{"embeddable":true,"href":"https:\/\/lahora.mx\/index.php\/wp-json\/wp\/v2\/comments?post=48327"}],"version-history":[{"count":1,"href":"https:\/\/lahora.mx\/index.php\/wp-json\/wp\/v2\/posts\/48327\/revisions"}],"predecessor-version":[{"id":48329,"href":"https:\/\/lahora.mx\/index.php\/wp-json\/wp\/v2\/posts\/48327\/revisions\/48329"}],"wp:featuredmedia":[{"embeddable":true,"href":"https:\/\/lahora.mx\/index.php\/wp-json\/wp\/v2\/media\/48328"}],"wp:attachment":[{"href":"https:\/\/lahora.mx\/index.php\/wp-json\/wp\/v2\/media?parent=48327"}],"wp:term":[{"taxonomy":"category","embeddable":true,"href":"https:\/\/lahora.mx\/index.php\/wp-json\/wp\/v2\/categories?post=48327"},{"taxonomy":"post_tag","embeddable":true,"href":"https:\/\/lahora.mx\/index.php\/wp-json\/wp\/v2\/tags?post=48327"}],"curies":[{"name":"wp","href":"https:\/\/api.w.org\/{rel}","templated":true}]}}