{"id":48303,"date":"2024-06-14T17:41:29","date_gmt":"2024-06-14T17:41:29","guid":{"rendered":"http:\/\/lahora.mx\/?p=48303"},"modified":"2024-06-28T17:42:34","modified_gmt":"2024-06-28T17:42:34","slug":"reconocen-sergio-salomon-y-alejandro-armenta-papel-de-periodistas-en-puebla","status":"publish","type":"post","link":"https:\/\/lahora.mx\/index.php\/2024\/06\/14\/reconocen-sergio-salomon-y-alejandro-armenta-papel-de-periodistas-en-puebla\/","title":{"rendered":"Reconocen Sergio Salom\u00f3n y Alejandro Armenta papel de periodistas en Puebla"},"content":{"rendered":"\n<p>Los gobernadores Sergio Salom\u00f3n y el electo, Alejandro Armenta encabezaron un encuentro con periodistas en el marco del D\u00eda de la Libertad de Expresi\u00f3n, en el que reconocieron el papel de los comunicadores al mencionar que regulan el actuar del poder e impulsan una sociedad democr\u00e1tica.<\/p>\n\n\n\n<p>Sergio Salom\u00f3n felicit\u00f3 a las y los periodistas por ejercer un periodismo serio, objetivo y responsable en favor de Puebla. Puntualiz\u00f3 que su labor le ha permitido realizar una mejora continua y permanente en su actuar como pol\u00edtico y como responsable del gobierno estatal.<\/p>\n\n\n\n<p>Acompa\u00f1ado de la presidenta honoraria del SEDIF, Gaby Bonilla, y del secretario de Gobernaci\u00f3n, Javier Aquino Lim\u00f3n, el mandatario afirm\u00f3 que en Puebla est\u00e1 garantizado el derecho a la libre expresi\u00f3n.<\/p>\n\n\n\n<p>En tanto, el gobernador electo, Alejandro Armenta anunci\u00f3 que, una vez que asuma el cargo en diciembre pr\u00f3ximo, mantendr\u00e1 la apertura y la l\u00ednea de comunicaci\u00f3n con periodistas, as\u00ed como el respeto a sus derechos y garant\u00edas.<\/p>\n\n\n\n<p>Sostuvo que una sociedad informada toma mejores decisiones y es m\u00e1s unida, lo que impulsa el nivel de desarrollo que requiere Puebla.<\/p>\n\n\n\n<p>Reconoci\u00f3 al gobernador Sergio Salom\u00f3n por ser el promotor de la reconciliaci\u00f3n en Puebla con los diferentes sectores de la sociedad, entre ellos los medios de comunicaci\u00f3n: \u00abPuebla necesitaba reencontrarse con su sociedad\u00bb, expuso.<\/p>\n","protected":false},"excerpt":{"rendered":"<p>Los gobernadores Sergio Salom\u00f3n y el electo, Alejandro Armenta encabezaron un encuentro con periodistas en el marco del D\u00eda de la Libertad de Expresi\u00f3n, en el que reconocieron el papel de los comunicadores al mencionar que regulan el actuar del poder e impulsan una sociedad democr\u00e1tica. Sergio Salom\u00f3n felicit\u00f3 a las y los periodistas por [&hellip;]<\/p>\n","protected":false},"author":4,"featured_media":48304,"comment_status":"open","ping_status":"open","sticky":false,"template":"","format":"standard","meta":{"om_disable_all_campaigns":false,"_monsterinsights_skip_tracking":false,"_monsterinsights_sitenote_active":false,"_monsterinsights_sitenote_note":"","_monsterinsights_sitenote_category":0,"footnotes":""},"categories":[175],"tags":[195,223],"class_list":["post-48303","post","type-post","status-publish","format-standard","has-post-thumbnail","hentry","category-local","tag-principal","tag-puebla"],"amp_enabled":true,"_links":{"self":[{"href":"https:\/\/lahora.mx\/index.php\/wp-json\/wp\/v2\/posts\/48303","targetHints":{"allow":["GET"]}}],"collection":[{"href":"https:\/\/lahora.mx\/index.php\/wp-json\/wp\/v2\/posts"}],"about":[{"href":"https:\/\/lahora.mx\/index.php\/wp-json\/wp\/v2\/types\/post"}],"author":[{"embeddable":true,"href":"https:\/\/lahora.mx\/index.php\/wp-json\/wp\/v2\/users\/4"}],"replies":[{"embeddable":true,"href":"https:\/\/lahora.mx\/index.php\/wp-json\/wp\/v2\/comments?post=48303"}],"version-history":[{"count":1,"href":"https:\/\/lahora.mx\/index.php\/wp-json\/wp\/v2\/posts\/48303\/revisions"}],"predecessor-version":[{"id":48305,"href":"https:\/\/lahora.mx\/index.php\/wp-json\/wp\/v2\/posts\/48303\/revisions\/48305"}],"wp:featuredmedia":[{"embeddable":true,"href":"https:\/\/lahora.mx\/index.php\/wp-json\/wp\/v2\/media\/48304"}],"wp:attachment":[{"href":"https:\/\/lahora.mx\/index.php\/wp-json\/wp\/v2\/media?parent=48303"}],"wp:term":[{"taxonomy":"category","embeddable":true,"href":"https:\/\/lahora.mx\/index.php\/wp-json\/wp\/v2\/categories?post=48303"},{"taxonomy":"post_tag","embeddable":true,"href":"https:\/\/lahora.mx\/index.php\/wp-json\/wp\/v2\/tags?post=48303"}],"curies":[{"name":"wp","href":"https:\/\/api.w.org\/{rel}","templated":true}]}}