{"id":48291,"date":"2024-06-08T17:28:51","date_gmt":"2024-06-08T17:28:51","guid":{"rendered":"http:\/\/lahora.mx\/?p=48291"},"modified":"2024-06-28T17:32:08","modified_gmt":"2024-06-28T17:32:08","slug":"brinda-gobierno-estatal-condiciones-para-que-jovenes-tengan-desarrollo-profesional-sergio-salomon","status":"publish","type":"post","link":"https:\/\/lahora.mx\/index.php\/2024\/06\/08\/brinda-gobierno-estatal-condiciones-para-que-jovenes-tengan-desarrollo-profesional-sergio-salomon\/","title":{"rendered":"Brinda gobierno estatal condiciones para que j\u00f3venes tengan desarrollo profesional: Sergio Salom\u00f3n"},"content":{"rendered":"\n<p>El gobierno estatal impulsa estrategias para brindar a las y los j\u00f3venes un desarrollo profesional y una mejor calidad de vida, puntualiz\u00f3 el gobernador Sergio Salom\u00f3n al presidir la \u00abCeremonia de Clausura de la Primera Generaci\u00f3n de la Universidad de la Salud del Estado de Puebla (USEP) 2020-2024\u00bb.<\/p>\n\n\n\n<p>Tras felicitar y otorgar reconocimientos a las y los egresados de las licenciaturas de M\u00e9dico Cirujano (190) y, Enfermer\u00eda y Obstetricia (91), el titular del Ejecutivo expuso que, dichas profesiones, son nobles, ya que no s\u00f3lo son adquiridos conocimientos t\u00e9cnicos, sino tambi\u00e9n valores como la compasi\u00f3n, empat\u00eda y resiliencia.<\/p>\n\n\n\n<p>Por ello, invit\u00f3 a las y los j\u00f3venes que concluyeron sus estudios a asumir tambi\u00e9n la responsabilidad de cuidar las vidas de quienes confiar\u00e1n en ellos en los momentos de mayor vulnerabilidad. Recalc\u00f3 que, en el rubro de la salud, el compromiso con el servicio y la excelencia es fundamental.<\/p>\n\n\n\n<p>Sergio Salom\u00f3n felicit\u00f3 tambi\u00e9n a las madres y padres de familia por respaldar a sus hijos y brindar las herramientas para que sean profesionistas. Reiter\u00f3 que su administraci\u00f3n no dejar\u00e1 de coadyuvar con la federaci\u00f3n para generar condiciones de igualdad y que seguir\u00e1 con acciones para que la USEP reciba a m\u00e1s j\u00f3venes y sea un referente a nivel nacional.<\/p>\n\n\n\n<p>Al encabezar el juramento hipocr\u00e1tico, la secretaria de Salud, Araceli Soria C\u00f3rdoba llam\u00f3 tambi\u00e9n a las y los egresados a que no olviden que sus profesiones son humanitarias, as\u00ed como a que siempre desempe\u00f1en su labor con humildad para cuidar la salud de las y los poblanos.<\/p>\n\n\n\n<p>Al destacar el trabajo y visi\u00f3n del mandatario Sergio Salom\u00f3n al frente de un gobierno presente, la rectora de la USEP, Fabiola Arenas de Ita hizo un reconocimiento a su liderazgo y compromiso con la educaci\u00f3n para impulsar a las y los j\u00f3venes que concluyeron sus estudios.<\/p>\n\n\n\n<p>Adem\u00e1s, Arenas de Ita resalt\u00f3 los avances de la instituci\u00f3n para brindar mejores condiciones para las y los estudiantes que concluyen sus estudios, tales como la asignaci\u00f3n de espacios para realizaci\u00f3n de internado y servicio social, adem\u00e1s de becas, a fin de continuar su formaci\u00f3n y desarrollo profesional.<\/p>\n","protected":false},"excerpt":{"rendered":"<p>El gobierno estatal impulsa estrategias para brindar a las y los j\u00f3venes un desarrollo profesional y una mejor calidad de vida, puntualiz\u00f3 el gobernador Sergio Salom\u00f3n al presidir la \u00abCeremonia de Clausura de la Primera Generaci\u00f3n de la Universidad de la Salud del Estado de Puebla (USEP) 2020-2024\u00bb. Tras felicitar y otorgar reconocimientos a las [&hellip;]<\/p>\n","protected":false},"author":4,"featured_media":48292,"comment_status":"open","ping_status":"open","sticky":false,"template":"","format":"standard","meta":{"om_disable_all_campaigns":false,"_monsterinsights_skip_tracking":false,"_monsterinsights_sitenote_active":false,"_monsterinsights_sitenote_note":"","_monsterinsights_sitenote_category":0,"footnotes":""},"categories":[175],"tags":[223],"class_list":["post-48291","post","type-post","status-publish","format-standard","has-post-thumbnail","hentry","category-local","tag-puebla"],"amp_enabled":true,"_links":{"self":[{"href":"https:\/\/lahora.mx\/index.php\/wp-json\/wp\/v2\/posts\/48291","targetHints":{"allow":["GET"]}}],"collection":[{"href":"https:\/\/lahora.mx\/index.php\/wp-json\/wp\/v2\/posts"}],"about":[{"href":"https:\/\/lahora.mx\/index.php\/wp-json\/wp\/v2\/types\/post"}],"author":[{"embeddable":true,"href":"https:\/\/lahora.mx\/index.php\/wp-json\/wp\/v2\/users\/4"}],"replies":[{"embeddable":true,"href":"https:\/\/lahora.mx\/index.php\/wp-json\/wp\/v2\/comments?post=48291"}],"version-history":[{"count":1,"href":"https:\/\/lahora.mx\/index.php\/wp-json\/wp\/v2\/posts\/48291\/revisions"}],"predecessor-version":[{"id":48293,"href":"https:\/\/lahora.mx\/index.php\/wp-json\/wp\/v2\/posts\/48291\/revisions\/48293"}],"wp:featuredmedia":[{"embeddable":true,"href":"https:\/\/lahora.mx\/index.php\/wp-json\/wp\/v2\/media\/48292"}],"wp:attachment":[{"href":"https:\/\/lahora.mx\/index.php\/wp-json\/wp\/v2\/media?parent=48291"}],"wp:term":[{"taxonomy":"category","embeddable":true,"href":"https:\/\/lahora.mx\/index.php\/wp-json\/wp\/v2\/categories?post=48291"},{"taxonomy":"post_tag","embeddable":true,"href":"https:\/\/lahora.mx\/index.php\/wp-json\/wp\/v2\/tags?post=48291"}],"curies":[{"name":"wp","href":"https:\/\/api.w.org\/{rel}","templated":true}]}}