{"id":48270,"date":"2024-06-28T16:44:03","date_gmt":"2024-06-28T16:44:03","guid":{"rendered":"http:\/\/lahora.mx\/?p=48270"},"modified":"2024-06-28T16:44:03","modified_gmt":"2024-06-28T16:44:03","slug":"el-gobernador-cespedes-y-armenta-se-reunen-con-sheinbaum-y-amlo","status":"publish","type":"post","link":"https:\/\/lahora.mx\/index.php\/2024\/06\/28\/el-gobernador-cespedes-y-armenta-se-reunen-con-sheinbaum-y-amlo\/","title":{"rendered":"El gobernador C\u00e9spedes y Armenta se re\u00fanen con Sheinbaum y AMLO"},"content":{"rendered":"\n<p>El presidente Andr\u00e9s Manuel L\u00f3pez Obrador (AMLO) y la virtual presidenta de M\u00e9xico, Claudia Sheinbaum Pardo, se reunieron con gobernadores, en funciones y electos, de Morena; en el c\u00f3nclave estuvieron presentes el titular del Ejecutivo estatal de Puebla, Sergio Salom\u00f3n C\u00e9spedes Peregrina, y el gobernador electo, Alejandro Armenta Mier.<\/p>\n\n\n\n<p>La reuni\u00f3n se llev\u00f3 a cabo la noche del jueves 27 de junio, de manera privada, en el Hotel Hilton de la Ciudad de M\u00e9xico (CDMX); a trav\u00e9s de su cuenta de X, Armenta Mier agradeci\u00f3 la reuni\u00f3n con la presidenta electa y sostuvo continuar\u00e1 trabajando \u201cpara el bienestar de los poblanos\u201d.<\/p>\n\n\n\n<p>En la reuni\u00f3n estuvieron presentes el pr\u00f3ximo titular de la Secretar\u00eda de Econom\u00eda del gabinete de Claudia Sheinbaum, Marcelo Luis Ebrard Casaub\u00f3n; el pr\u00f3ximo coordinador de los diputados federales morenistas, Ricardo Monreal \u00c1vila; la secretaria de Gobernaci\u00f3n, Luisa Mar\u00eda Alcalde; y la secretaria general de Morena, Citlalli Hern\u00e1ndez.<\/p>\n\n\n\n<p>A pesar de las preguntas de la prensa, ninguno de los invitados refiri\u00f3 ni inform\u00f3 los temas que se llevaron ala mesa durante el encuentro morenista.<\/p>\n\n\n\n<p>Cabe resaltar que el 25 de junio, C\u00e9spedes Peregrina reiter\u00f3 que el apoyo para la virtual presidenta electa es \u201cde estricta convicci\u00f3n personal, sin condici\u00f3n y sin pedir nada a cambio\u201d; se dijo \u201chonrado de acompa\u00f1arla\u201d, adem\u00e1s presumi\u00f3 una relaci\u00f3n basada \u201cen la amistad, la sanidad y el amor a M\u00e9xico\u201d.<\/p>\n","protected":false},"excerpt":{"rendered":"<p>El presidente Andr\u00e9s Manuel L\u00f3pez Obrador (AMLO) y la virtual presidenta de M\u00e9xico, Claudia Sheinbaum Pardo, se reunieron con gobernadores, en funciones y electos, de Morena; en el c\u00f3nclave estuvieron presentes el titular del Ejecutivo estatal de Puebla, Sergio Salom\u00f3n C\u00e9spedes Peregrina, y el gobernador electo, Alejandro Armenta Mier. La reuni\u00f3n se llev\u00f3 a cabo [&hellip;]<\/p>\n","protected":false},"author":4,"featured_media":48271,"comment_status":"open","ping_status":"open","sticky":false,"template":"","format":"standard","meta":{"om_disable_all_campaigns":false,"_monsterinsights_skip_tracking":false,"_monsterinsights_sitenote_active":false,"_monsterinsights_sitenote_note":"","_monsterinsights_sitenote_category":0,"footnotes":""},"categories":[176],"tags":[],"class_list":["post-48270","post","type-post","status-publish","format-standard","has-post-thumbnail","hentry","category-nacional"],"amp_enabled":true,"_links":{"self":[{"href":"https:\/\/lahora.mx\/index.php\/wp-json\/wp\/v2\/posts\/48270","targetHints":{"allow":["GET"]}}],"collection":[{"href":"https:\/\/lahora.mx\/index.php\/wp-json\/wp\/v2\/posts"}],"about":[{"href":"https:\/\/lahora.mx\/index.php\/wp-json\/wp\/v2\/types\/post"}],"author":[{"embeddable":true,"href":"https:\/\/lahora.mx\/index.php\/wp-json\/wp\/v2\/users\/4"}],"replies":[{"embeddable":true,"href":"https:\/\/lahora.mx\/index.php\/wp-json\/wp\/v2\/comments?post=48270"}],"version-history":[{"count":1,"href":"https:\/\/lahora.mx\/index.php\/wp-json\/wp\/v2\/posts\/48270\/revisions"}],"predecessor-version":[{"id":48272,"href":"https:\/\/lahora.mx\/index.php\/wp-json\/wp\/v2\/posts\/48270\/revisions\/48272"}],"wp:featuredmedia":[{"embeddable":true,"href":"https:\/\/lahora.mx\/index.php\/wp-json\/wp\/v2\/media\/48271"}],"wp:attachment":[{"href":"https:\/\/lahora.mx\/index.php\/wp-json\/wp\/v2\/media?parent=48270"}],"wp:term":[{"taxonomy":"category","embeddable":true,"href":"https:\/\/lahora.mx\/index.php\/wp-json\/wp\/v2\/categories?post=48270"},{"taxonomy":"post_tag","embeddable":true,"href":"https:\/\/lahora.mx\/index.php\/wp-json\/wp\/v2\/tags?post=48270"}],"curies":[{"name":"wp","href":"https:\/\/api.w.org\/{rel}","templated":true}]}}