{"id":48267,"date":"2024-06-28T16:40:04","date_gmt":"2024-06-28T16:40:04","guid":{"rendered":"http:\/\/lahora.mx\/?p=48267"},"modified":"2024-06-28T16:40:04","modified_gmt":"2024-06-28T16:40:04","slug":"transportistas-bloquean-caseta-amozoc","status":"publish","type":"post","link":"https:\/\/lahora.mx\/index.php\/2024\/06\/28\/transportistas-bloquean-caseta-amozoc\/","title":{"rendered":"Transportistas bloquean caseta Amozoc"},"content":{"rendered":"\n<p>Alrededor de 130 unidades de transporte pesado participar\u00e1n en el paro nacional que la organizaci\u00f3n Transportistas Unidos pact\u00f3 para este 28 de junio y afectar\u00e1 al menos cinco puntos del pa\u00eds, entre ellos la autopista M\u00e9xico\u2014Puebla, a la altura de la caseta Amozoc.<\/p>\n\n\n\n<p>Aunque la madrugada de hoy se inform\u00f3 en medios sobre la supuesta cancelaci\u00f3n de la manifestaci\u00f3n, el l\u00edder del grupo, Marcos Reyes, desminti\u00f3 los rumores; se\u00f1al\u00f3 que por log\u00edstica s\u00ed se suspendieron las concentraciones en las autopistas M\u00e9xico\u2014Cuernavaca y M\u00e9xico\u2014Quer\u00e9taro.<\/p>\n\n\n\n<p>Bloquean autopista M\u00e9xico\u2014Puebla, en caseta de Amozoc<br>Reyes, en entrevista con Azucena Uresti este viernes, se\u00f1al\u00f3 que pese a la supuesta cancelaci\u00f3n de las protestas, el bloqueo sigue en pie, aunque por el tiempo que les tomar\u00e1 llegar a los puntos convenidos comenzar despu\u00e9s de lo pactado.<\/p>\n\n\n\n<p>Record\u00f3 que la manifestaci\u00f3n surgi\u00f3 debido a que ellos trabajaron en la construcci\u00f3n del tramo seis del Tren Maya; realizaron fletes y pagaron las operaciones y materiales con su propio dinero, luego de que les aseguraran les ser\u00edan saldados sus gastos, cosa que no sucedi\u00f3.<\/p>\n\n\n\n<p>El l\u00edder del grupo Transportistas Unidos inform\u00f3 los encargados de los tramos de la obra tienen el monopolio de la construcci\u00f3n; acus\u00f3 directamente a Ulises D\u00edaz y Nicolas Placencia, l\u00edderes de la Confederaci\u00f3n de Trabajadores de M\u00e9xico (CTM), y a los encargados de la obra, a quienes identific\u00f3 como los mayores Lomel\u00ed y Osorio, de la Secretar\u00eda de la Defensa Nacional (Sedena)<\/p>\n\n\n\n<p>Paro Nacional de Transportistas \u00bfQu\u00e9 carreteras cerrar\u00e1n?<br>Reyes tambi\u00e9n aclar\u00f3 que por cuestiones de movilidad solo se cerrar\u00e1 un carril de las vialidades que tomar\u00e1n. Entre los puntos en los que se llevar\u00e1n a cabo los cierres se encuentran los siguientes.<\/p>\n\n\n\n<p>Caseta M\u00e9xico\u2014Puebla<br>Caseta M\u00e9xico\u2014Pachuca<br>Caseta La Antigua entrada a Veracruz Puerto<br>Caseta M\u00e9rida -Canc\u00fan, a la altura de Chich\u00e9n Itz\u00e1<br>Aeropuerto de Canc\u00fan.<\/p>\n","protected":false},"excerpt":{"rendered":"<p>Alrededor de 130 unidades de transporte pesado participar\u00e1n en el paro nacional que la organizaci\u00f3n Transportistas Unidos pact\u00f3 para este 28 de junio y afectar\u00e1 al menos cinco puntos del pa\u00eds, entre ellos la autopista M\u00e9xico\u2014Puebla, a la altura de la caseta Amozoc. Aunque la madrugada de hoy se inform\u00f3 en medios sobre la supuesta [&hellip;]<\/p>\n","protected":false},"author":4,"featured_media":48268,"comment_status":"open","ping_status":"open","sticky":false,"template":"","format":"standard","meta":{"om_disable_all_campaigns":false,"_monsterinsights_skip_tracking":false,"_monsterinsights_sitenote_active":false,"_monsterinsights_sitenote_note":"","_monsterinsights_sitenote_category":0,"footnotes":""},"categories":[175],"tags":[195,223],"class_list":["post-48267","post","type-post","status-publish","format-standard","has-post-thumbnail","hentry","category-local","tag-principal","tag-puebla"],"amp_enabled":true,"_links":{"self":[{"href":"https:\/\/lahora.mx\/index.php\/wp-json\/wp\/v2\/posts\/48267","targetHints":{"allow":["GET"]}}],"collection":[{"href":"https:\/\/lahora.mx\/index.php\/wp-json\/wp\/v2\/posts"}],"about":[{"href":"https:\/\/lahora.mx\/index.php\/wp-json\/wp\/v2\/types\/post"}],"author":[{"embeddable":true,"href":"https:\/\/lahora.mx\/index.php\/wp-json\/wp\/v2\/users\/4"}],"replies":[{"embeddable":true,"href":"https:\/\/lahora.mx\/index.php\/wp-json\/wp\/v2\/comments?post=48267"}],"version-history":[{"count":1,"href":"https:\/\/lahora.mx\/index.php\/wp-json\/wp\/v2\/posts\/48267\/revisions"}],"predecessor-version":[{"id":48269,"href":"https:\/\/lahora.mx\/index.php\/wp-json\/wp\/v2\/posts\/48267\/revisions\/48269"}],"wp:featuredmedia":[{"embeddable":true,"href":"https:\/\/lahora.mx\/index.php\/wp-json\/wp\/v2\/media\/48268"}],"wp:attachment":[{"href":"https:\/\/lahora.mx\/index.php\/wp-json\/wp\/v2\/media?parent=48267"}],"wp:term":[{"taxonomy":"category","embeddable":true,"href":"https:\/\/lahora.mx\/index.php\/wp-json\/wp\/v2\/categories?post=48267"},{"taxonomy":"post_tag","embeddable":true,"href":"https:\/\/lahora.mx\/index.php\/wp-json\/wp\/v2\/tags?post=48267"}],"curies":[{"name":"wp","href":"https:\/\/api.w.org\/{rel}","templated":true}]}}