{"id":48260,"date":"2024-06-28T16:31:02","date_gmt":"2024-06-28T16:31:02","guid":{"rendered":"http:\/\/lahora.mx\/?p=48260"},"modified":"2024-06-28T16:31:03","modified_gmt":"2024-06-28T16:31:03","slug":"agua-de-puebla-y-soapap-compareceran-en-el-congreso-por-obras-y-servicio","status":"publish","type":"post","link":"https:\/\/lahora.mx\/index.php\/2024\/06\/28\/agua-de-puebla-y-soapap-compareceran-en-el-congreso-por-obras-y-servicio\/","title":{"rendered":"Agua de Puebla y Soapap comparecer\u00e1n en el Congreso por obras y servicio"},"content":{"rendered":"\n<p>El Congreso del Estado de Puebla llamar\u00e1 a comparecer al director de Agua de Puebla, H\u00e9ctor Dur\u00e1n D\u00edaz, y al del Sistema Operador de los Servicios de Agua Potable y Alcantarillado (Soapap), Gustavo Gayt\u00e1n Alcaraz, inform\u00f3 el diputado y presidente de la actual legislatura, Edgar Garmendia de los Santos.<\/p>\n\n\n\n<p>En entrevista, Garmendia de los Santos inform\u00f3 que la que la bancada del Partido del Trabajo (PT) fue quien solicit\u00f3 mandar a llamar a ambos directores por los problemas de suministro que han presentado en los municipios que atienden, incluida la capital.<\/p>\n\n\n\n<p>El diputado explic\u00f3 que la solicitud se turn\u00f3 a la Junta de Gobierno y Coordinaci\u00f3n Pol\u00edtico (Jugocopo) a fin de que se analice la fecha en que ambos acudir\u00e1n al Poder Legislativo; \u201cEl requerimiento era que una fracci\u00f3n llamara a comparecer, ya lo tenemos, entonces es lo que necesitamos legalmente para hacer llamar a una autoridad\u201d, sostuvo.<\/p>\n\n\n\n<p>El presidente del Congreso local coment\u00f3 que en la Jugocopo se va a definir la fecha y si ambos directores comparecen en el Pleno o s\u00f3lo en las comisiones que integran al legislativo local.<\/p>\n\n\n\n<p>Con la comparecencia que solicitaron los diputados, buscan que Soapap y Agua de Puebla expliquen la forma en que suministran el l\u00edquido, adem\u00e1s de las obras que llevaron a cabo tras el aumento de las tarifas.<\/p>\n\n\n\n<p>Esta petici\u00f3n se solicit\u00f3 desde el 9 de mayo, cuando el diputado de Morena, Fernando S\u00e1nchez Sasia, exhort\u00f3 a que Agua de Puebla diera un informe de su labor tras la falta del abastecimiento.<\/p>\n","protected":false},"excerpt":{"rendered":"<p>El Congreso del Estado de Puebla llamar\u00e1 a comparecer al director de Agua de Puebla, H\u00e9ctor Dur\u00e1n D\u00edaz, y al del Sistema Operador de los Servicios de Agua Potable y Alcantarillado (Soapap), Gustavo Gayt\u00e1n Alcaraz, inform\u00f3 el diputado y presidente de la actual legislatura, Edgar Garmendia de los Santos. En entrevista, Garmendia de los Santos [&hellip;]<\/p>\n","protected":false},"author":4,"featured_media":48261,"comment_status":"open","ping_status":"open","sticky":false,"template":"","format":"standard","meta":{"om_disable_all_campaigns":false,"_monsterinsights_skip_tracking":false,"_monsterinsights_sitenote_active":false,"_monsterinsights_sitenote_note":"","_monsterinsights_sitenote_category":0,"footnotes":""},"categories":[175],"tags":[227,223],"class_list":["post-48260","post","type-post","status-publish","format-standard","has-post-thumbnail","hentry","category-local","tag-congreso","tag-puebla"],"amp_enabled":true,"_links":{"self":[{"href":"https:\/\/lahora.mx\/index.php\/wp-json\/wp\/v2\/posts\/48260","targetHints":{"allow":["GET"]}}],"collection":[{"href":"https:\/\/lahora.mx\/index.php\/wp-json\/wp\/v2\/posts"}],"about":[{"href":"https:\/\/lahora.mx\/index.php\/wp-json\/wp\/v2\/types\/post"}],"author":[{"embeddable":true,"href":"https:\/\/lahora.mx\/index.php\/wp-json\/wp\/v2\/users\/4"}],"replies":[{"embeddable":true,"href":"https:\/\/lahora.mx\/index.php\/wp-json\/wp\/v2\/comments?post=48260"}],"version-history":[{"count":1,"href":"https:\/\/lahora.mx\/index.php\/wp-json\/wp\/v2\/posts\/48260\/revisions"}],"predecessor-version":[{"id":48262,"href":"https:\/\/lahora.mx\/index.php\/wp-json\/wp\/v2\/posts\/48260\/revisions\/48262"}],"wp:featuredmedia":[{"embeddable":true,"href":"https:\/\/lahora.mx\/index.php\/wp-json\/wp\/v2\/media\/48261"}],"wp:attachment":[{"href":"https:\/\/lahora.mx\/index.php\/wp-json\/wp\/v2\/media?parent=48260"}],"wp:term":[{"taxonomy":"category","embeddable":true,"href":"https:\/\/lahora.mx\/index.php\/wp-json\/wp\/v2\/categories?post=48260"},{"taxonomy":"post_tag","embeddable":true,"href":"https:\/\/lahora.mx\/index.php\/wp-json\/wp\/v2\/tags?post=48260"}],"curies":[{"name":"wp","href":"https:\/\/api.w.org\/{rel}","templated":true}]}}