{"id":48227,"date":"2024-06-27T17:50:37","date_gmt":"2024-06-27T17:50:37","guid":{"rendered":"http:\/\/lahora.mx\/?p=48227"},"modified":"2024-06-27T17:50:37","modified_gmt":"2024-06-27T17:50:37","slug":"1-muerto-y-6-lesionados-tras-deslizamiento-en-tlacotepec","status":"publish","type":"post","link":"https:\/\/lahora.mx\/index.php\/2024\/06\/27\/1-muerto-y-6-lesionados-tras-deslizamiento-en-tlacotepec\/","title":{"rendered":"1 muerto y 6 lesionados tras deslizamiento en Tlacotepec"},"content":{"rendered":"\n<p>El deslizamiento de ladera sobre una vivienda ubicada en la junta auxiliar de Libres, del municipio de San Sebasti\u00e1n Tlacotepec de Porfirio D\u00edaz, dej\u00f3 un muerto y seis personas lesionadas, debido a las constantes lluvias registradas en los \u00faltimos d\u00edas.<\/p>\n\n\n\n<p>A trav\u00e9s de un comunicado la Secretar\u00eda de Gobernaci\u00f3n del Estado de Puebla (Segob), inform\u00f3 que la vivienda estaba ubicada en zona de riesgo y era habitada por una familia de siete personas.<\/p>\n\n\n\n<p>Se\u00f1al\u00f3 que tras el fallecimiento de una persona la Fiscal\u00eda General del Estado (FGE) llev\u00f3 a cabo las diligencias correspondientes; tras las investigaciones los familiares puedan llevar a cabo los servicios funerarios para el occiso, identificado como Joel N.<\/p>\n\n\n\n<p>Mientras, los seis habitantes de la casa habitaci\u00f3n tambi\u00e9n prestantes durante el la\u00fad presentaron lesiones menores que no pusieron en peligro su vida ya fueron atendidos por personal m\u00e9dico.<\/p>\n\n\n\n<p>\u201cEstamos dando puntual seguimiento a todos los acontecimientos sucedidos tras las constantes lluvias, refrendamos el compromiso de este #GobiernoPresente y nos unimos a las condolencias para familiares y amigos del Joven Joel N. quien lamentablemente perdi\u00f3 la vida. Q.D.E.P. (sic)\u201d, escribi\u00f3 el titular de la Segob, Javier Aquino Lim\u00f3n, a trav\u00e9s de su cuenta de X.<\/p>\n\n\n\n<p>A\u00fan existen derrumbes en comunidades<br>La Segob indic\u00f3 que se presentaron derrumbes en un camino rural principal que conecta a las comunidades de la Cumbre, Ojo de Agua, La Guacamaya, Buena Vista, Mazatzongo de Guerrero, Vista Hermosa, Zacatepec de Bravo, La Garrapata y Tepexilotla.<\/p>\n\n\n\n<p>Por lo anterior, los cuerpos de emergencia y retroexcavadoras realizaron el retiro de material en la localidad de la Cumbre, a fin de despejar los caminos y permitir el tr\u00e1nsito vehicular y transe\u00fante.<\/p>\n\n\n\n<p>En la primaria \u201cNi\u00f1os H\u00e9roes\u00bb se registr\u00f3 un peque\u00f1o deslizamiento que da\u00f1\u00f3 el muro del desayunador; en el preescolar ind\u00edgena \u00abEspiga de Ma\u00edz\u00bb se detectaron da\u00f1os en la barda perimetral, el colapso de la barda interior e inclinamiento de un muro de contenci\u00f3n, por lo que suspendieron actividades para seguridad de estudiantes y ejecutar labores de limpieza.<\/p>\n","protected":false},"excerpt":{"rendered":"<p>El deslizamiento de ladera sobre una vivienda ubicada en la junta auxiliar de Libres, del municipio de San Sebasti\u00e1n Tlacotepec de Porfirio D\u00edaz, dej\u00f3 un muerto y seis personas lesionadas, debido a las constantes lluvias registradas en los \u00faltimos d\u00edas. A trav\u00e9s de un comunicado la Secretar\u00eda de Gobernaci\u00f3n del Estado de Puebla (Segob), inform\u00f3 [&hellip;]<\/p>\n","protected":false},"author":4,"featured_media":48228,"comment_status":"open","ping_status":"open","sticky":false,"template":"","format":"standard","meta":{"om_disable_all_campaigns":false,"_monsterinsights_skip_tracking":false,"_monsterinsights_sitenote_active":false,"_monsterinsights_sitenote_note":"","_monsterinsights_sitenote_category":0,"footnotes":""},"categories":[176],"tags":[223],"class_list":["post-48227","post","type-post","status-publish","format-standard","has-post-thumbnail","hentry","category-nacional","tag-puebla"],"amp_enabled":true,"_links":{"self":[{"href":"https:\/\/lahora.mx\/index.php\/wp-json\/wp\/v2\/posts\/48227","targetHints":{"allow":["GET"]}}],"collection":[{"href":"https:\/\/lahora.mx\/index.php\/wp-json\/wp\/v2\/posts"}],"about":[{"href":"https:\/\/lahora.mx\/index.php\/wp-json\/wp\/v2\/types\/post"}],"author":[{"embeddable":true,"href":"https:\/\/lahora.mx\/index.php\/wp-json\/wp\/v2\/users\/4"}],"replies":[{"embeddable":true,"href":"https:\/\/lahora.mx\/index.php\/wp-json\/wp\/v2\/comments?post=48227"}],"version-history":[{"count":1,"href":"https:\/\/lahora.mx\/index.php\/wp-json\/wp\/v2\/posts\/48227\/revisions"}],"predecessor-version":[{"id":48229,"href":"https:\/\/lahora.mx\/index.php\/wp-json\/wp\/v2\/posts\/48227\/revisions\/48229"}],"wp:featuredmedia":[{"embeddable":true,"href":"https:\/\/lahora.mx\/index.php\/wp-json\/wp\/v2\/media\/48228"}],"wp:attachment":[{"href":"https:\/\/lahora.mx\/index.php\/wp-json\/wp\/v2\/media?parent=48227"}],"wp:term":[{"taxonomy":"category","embeddable":true,"href":"https:\/\/lahora.mx\/index.php\/wp-json\/wp\/v2\/categories?post=48227"},{"taxonomy":"post_tag","embeddable":true,"href":"https:\/\/lahora.mx\/index.php\/wp-json\/wp\/v2\/tags?post=48227"}],"curies":[{"name":"wp","href":"https:\/\/api.w.org\/{rel}","templated":true}]}}