{"id":48208,"date":"2024-06-27T15:02:34","date_gmt":"2024-06-27T15:02:34","guid":{"rendered":"http:\/\/lahora.mx\/?p=48208"},"modified":"2024-06-27T15:02:34","modified_gmt":"2024-06-27T15:02:34","slug":"operativo-en-mercado-union","status":"publish","type":"post","link":"https:\/\/lahora.mx\/index.php\/2024\/06\/27\/operativo-en-mercado-union\/","title":{"rendered":"Operativo en mercado Uni\u00f3n"},"content":{"rendered":"\n<p>Durante la madrugada de este 27 de junio, agentes ministeriales de la Fiscal\u00eda General de la Rep\u00fablica (FGR), acudieron al mercado Uni\u00f3n para realizar un operativo junto con personal de la Guardia Nacional (GN), la Marina y polic\u00edas estatales.<\/p>\n\n\n\n<p>Fue alrededor de las 00:30 horas de este jueves cuando el personal de seguridad lleg\u00f3 a las instalaciones del punto de abasto ubicado junto al Mercado Hidalgo, en inmediaciones de la CAPU, para las diligencias al interior del inmueble.<\/p>\n\n\n\n<p>Se espera que en las pr\u00f3ximas horas de este d\u00eda, las autoridades proporcionen m\u00e1s detalles al respecto del operativo, ya que hasta el momento de redactar esta nota, no brindaron informaci\u00f3n alguna sobre los resultados de la avanzada.<\/p>\n\n\n\n<p>Cabe se\u00f1alar que anteriormente, cuando autoridades llevaron a cabo este tipo de diligencias a plena luz del d\u00eda, fueron sacados a golpes y palos por los comerciantes.<br>Recordemos que el Mercado Uni\u00f3n es conocido popularmente por la venta de art\u00edculos de procedencia ilegal o pirater\u00eda, adem\u00e1s de la supuesta venta de sustancias il\u00edcitas; en algunas ocasiones, han se\u00f1alado testigos, ha sido refugio de delincuentes.<\/p>\n","protected":false},"excerpt":{"rendered":"<p>Durante la madrugada de este 27 de junio, agentes ministeriales de la Fiscal\u00eda General de la Rep\u00fablica (FGR), acudieron al mercado Uni\u00f3n para realizar un operativo junto con personal de la Guardia Nacional (GN), la Marina y polic\u00edas estatales. Fue alrededor de las 00:30 horas de este jueves cuando el personal de seguridad lleg\u00f3 a [&hellip;]<\/p>\n","protected":false},"author":4,"featured_media":48209,"comment_status":"open","ping_status":"open","sticky":false,"template":"","format":"standard","meta":{"om_disable_all_campaigns":false,"_monsterinsights_skip_tracking":false,"_monsterinsights_sitenote_active":false,"_monsterinsights_sitenote_note":"","_monsterinsights_sitenote_category":0,"footnotes":""},"categories":[175,226],"tags":[223],"class_list":["post-48208","post","type-post","status-publish","format-standard","has-post-thumbnail","hentry","category-local","category-policia","tag-puebla"],"amp_enabled":true,"_links":{"self":[{"href":"https:\/\/lahora.mx\/index.php\/wp-json\/wp\/v2\/posts\/48208","targetHints":{"allow":["GET"]}}],"collection":[{"href":"https:\/\/lahora.mx\/index.php\/wp-json\/wp\/v2\/posts"}],"about":[{"href":"https:\/\/lahora.mx\/index.php\/wp-json\/wp\/v2\/types\/post"}],"author":[{"embeddable":true,"href":"https:\/\/lahora.mx\/index.php\/wp-json\/wp\/v2\/users\/4"}],"replies":[{"embeddable":true,"href":"https:\/\/lahora.mx\/index.php\/wp-json\/wp\/v2\/comments?post=48208"}],"version-history":[{"count":1,"href":"https:\/\/lahora.mx\/index.php\/wp-json\/wp\/v2\/posts\/48208\/revisions"}],"predecessor-version":[{"id":48210,"href":"https:\/\/lahora.mx\/index.php\/wp-json\/wp\/v2\/posts\/48208\/revisions\/48210"}],"wp:featuredmedia":[{"embeddable":true,"href":"https:\/\/lahora.mx\/index.php\/wp-json\/wp\/v2\/media\/48209"}],"wp:attachment":[{"href":"https:\/\/lahora.mx\/index.php\/wp-json\/wp\/v2\/media?parent=48208"}],"wp:term":[{"taxonomy":"category","embeddable":true,"href":"https:\/\/lahora.mx\/index.php\/wp-json\/wp\/v2\/categories?post=48208"},{"taxonomy":"post_tag","embeddable":true,"href":"https:\/\/lahora.mx\/index.php\/wp-json\/wp\/v2\/tags?post=48208"}],"curies":[{"name":"wp","href":"https:\/\/api.w.org\/{rel}","templated":true}]}}