{"id":48179,"date":"2024-06-26T23:27:59","date_gmt":"2024-06-26T23:27:59","guid":{"rendered":"http:\/\/lahora.mx\/?p=48179"},"modified":"2024-06-26T23:28:00","modified_gmt":"2024-06-26T23:28:00","slug":"gabinete-claudia-sheinbaum-jose-antonio-merino-se-suma-a-nueva-secretaria","status":"publish","type":"post","link":"https:\/\/lahora.mx\/index.php\/2024\/06\/26\/gabinete-claudia-sheinbaum-jose-antonio-merino-se-suma-a-nueva-secretaria\/","title":{"rendered":"Gabinete Claudia Sheinbaum: Jos\u00e9 Antonio Merino se suma a nueva secretar\u00eda"},"content":{"rendered":"\n<p>La virtual presidenta de la Rep\u00fablica, Claudia Sheinbaum Pardo, anunci\u00f3 que Jos\u00e9 Antonio Pe\u00f1a Merino ser\u00e1 quien estar\u00e1 al mando de la Agencia de Transformaci\u00f3n Digital y Telecomunicaciones, la nueva \u00e1rea de la administraci\u00f3n federal.<\/p>\n\n\n\n<p>Durante la ma\u00f1ana de este 26 de junio, Claudia Sheinbaum anunci\u00f3 la creaci\u00f3n de la Agencia de Transformaci\u00f3n Digital y Telecomunicaciones no representar\u00e1 un gasto mayor al presupuesto, pues lo que har\u00e1 es juntar distintas \u00e1reas del Gobierno de M\u00e9xico para digitalizar distintas \u00e1reas.<\/p>\n\n\n\n<p>Por otro lado, despu\u00e9s de que Sheinbaum Pardo confirm\u00f3 la llegada de Jos\u00e9 Antonio Pe\u00f1a a su gabinete, explic\u00f3 que m\u00e1s adelante mencionar\u00e1 quien estar\u00e1 a cargo de la Secretar\u00eda de Seguridad P\u00fablica Federal.<\/p>\n\n\n\n<p>Es as\u00ed que mencion\u00f3 que la creaci\u00f3n de dicha \u00e1rea ser\u00e1 para digitalizar varias dependencias y de esa manera disminuir el gasto que representan para el presupuesto.<\/p>\n\n\n\n<p>\u00bfQui\u00e9n es Jos\u00e9 Antonio Pe\u00f1a Merino?<br>Jos\u00e9 Antonio Pe\u00f1a Merino fue titular de la Agencia Digital de Innovaci\u00f3n P\u00fablica durante el mandato de Claudia Sheinbaum como jefa de gobierno de la Ciudad de M\u00e9xico y renunci\u00f3 al cargo el pasado 30 de noviembre de 2023.<\/p>\n","protected":false},"excerpt":{"rendered":"<p>La virtual presidenta de la Rep\u00fablica, Claudia Sheinbaum Pardo, anunci\u00f3 que Jos\u00e9 Antonio Pe\u00f1a Merino ser\u00e1 quien estar\u00e1 al mando de la Agencia de Transformaci\u00f3n Digital y Telecomunicaciones, la nueva \u00e1rea de la administraci\u00f3n federal. Durante la ma\u00f1ana de este 26 de junio, Claudia Sheinbaum anunci\u00f3 la creaci\u00f3n de la Agencia de Transformaci\u00f3n Digital y [&hellip;]<\/p>\n","protected":false},"author":4,"featured_media":48180,"comment_status":"open","ping_status":"open","sticky":false,"template":"","format":"standard","meta":{"om_disable_all_campaigns":false,"_monsterinsights_skip_tracking":false,"_monsterinsights_sitenote_active":false,"_monsterinsights_sitenote_note":"","_monsterinsights_sitenote_category":0,"footnotes":""},"categories":[176],"tags":[195],"class_list":["post-48179","post","type-post","status-publish","format-standard","has-post-thumbnail","hentry","category-nacional","tag-principal"],"amp_enabled":true,"_links":{"self":[{"href":"https:\/\/lahora.mx\/index.php\/wp-json\/wp\/v2\/posts\/48179","targetHints":{"allow":["GET"]}}],"collection":[{"href":"https:\/\/lahora.mx\/index.php\/wp-json\/wp\/v2\/posts"}],"about":[{"href":"https:\/\/lahora.mx\/index.php\/wp-json\/wp\/v2\/types\/post"}],"author":[{"embeddable":true,"href":"https:\/\/lahora.mx\/index.php\/wp-json\/wp\/v2\/users\/4"}],"replies":[{"embeddable":true,"href":"https:\/\/lahora.mx\/index.php\/wp-json\/wp\/v2\/comments?post=48179"}],"version-history":[{"count":1,"href":"https:\/\/lahora.mx\/index.php\/wp-json\/wp\/v2\/posts\/48179\/revisions"}],"predecessor-version":[{"id":48181,"href":"https:\/\/lahora.mx\/index.php\/wp-json\/wp\/v2\/posts\/48179\/revisions\/48181"}],"wp:featuredmedia":[{"embeddable":true,"href":"https:\/\/lahora.mx\/index.php\/wp-json\/wp\/v2\/media\/48180"}],"wp:attachment":[{"href":"https:\/\/lahora.mx\/index.php\/wp-json\/wp\/v2\/media?parent=48179"}],"wp:term":[{"taxonomy":"category","embeddable":true,"href":"https:\/\/lahora.mx\/index.php\/wp-json\/wp\/v2\/categories?post=48179"},{"taxonomy":"post_tag","embeddable":true,"href":"https:\/\/lahora.mx\/index.php\/wp-json\/wp\/v2\/tags?post=48179"}],"curies":[{"name":"wp","href":"https:\/\/api.w.org\/{rel}","templated":true}]}}