{"id":48164,"date":"2024-06-26T23:13:29","date_gmt":"2024-06-26T23:13:29","guid":{"rendered":"http:\/\/lahora.mx\/?p=48164"},"modified":"2024-06-26T23:13:29","modified_gmt":"2024-06-26T23:13:29","slug":"golpe-de-estado-en-bolivia","status":"publish","type":"post","link":"https:\/\/lahora.mx\/index.php\/2024\/06\/26\/golpe-de-estado-en-bolivia\/","title":{"rendered":"Golpe de Estado en Bolivia"},"content":{"rendered":"\n<p>Alrededor de las 15:00 horas en Bolivia (local), ciudadanos y medios de comunicaci\u00f3n comenzaron a observar la movilizaci\u00f3n de tanquetas y personal militar en la Pla de la Paz. De acuerdo con medios locales, las Fuerzas Armadas de Bolivia irrumpieron la tarde en el Palacio de Gobierno de Bolivia con el fin de realizar un golpe de Estado contra el presidente Luis Arce.<\/p>\n\n\n\n<p>El expresidente Evo Morales y el actual presidente de Bolivia, denunciaron un golpe de Estado.<br>Juan Jos\u00e9 Z\u00fa\u00f1iga, excomandante del ej\u00e9rcito boliviano, y aparente cabeza del intento de golpe de Estado declaro a medios de Bolivia su intenci\u00f3n de reestructurar la democracia y liberar a presos militares.<\/p>\n\n\n\n<p>\u201cLas Fuerzas Armadas pretenden reestructurar la democracia. Vamos a liberar a Camacho, \u00c1\u00f1ez, los coroneles y generales que est\u00e1n presos. Queremos restablecer la democracia\u201d.<br>En un mensaje al pueblo boliviano, el presidente Luis Arce convoc\u00f3 a los ciudadanos a movilizarse contra \u00abgolpe de Estado\u00bb.<\/p>\n\n\n\n<p>El pueblo boliviano hoy es convocado, necesitamos que el pueblo boliviano se organice y se movilice en contra del golpe de Estado, en favor de la democracia\u00bb, dijo Arce en un mensaje al pa\u00eds junto a sus ministros desde el palacio presidencial.<\/p>\n\n\n\n<p>Mientras daba su mensaje, los militares colocaban barricadas en el centro de la Paz.<br>La Central Obrera Boliviana (COB) anunci\u00f3 a trav\u00e9s de un comunicado una huelga general indefinida para defender el gobierno de Luis Arce Catacora ante lo que la ministra de la Presidencia calific\u00f3 como un \u201cintento de golpe de Estado\u201d por parte de los militares alineados al general Juan Jos\u00e9 Z\u00fa\u00f1iga.<\/p>\n\n\n\n<p>La COB en uno de los gremios laborales m\u00e1s grande en Bolivia.<\/p>\n\n\n\n<p>14:33 PM | Claudia Sheinbaum asegura que intento de golpe de Estado es contra la democracia<br>La presidente electa de M\u00e9xico, Claudia Sheinbaum, se posicion\u00f3 respecto a la operaci\u00f3n militar en Bolivia y asegur\u00f3 que es un atentado contra la democracia.<\/p>\n\n\n\n<p>Nuestro apoyo incondicional al presidente Lu\u00eds Arce y a su pueblo. Nuestro respaldo al posicionamiento del gobierno de M\u00e9xico\u00bb.<br>La presidenta de Honduras, Xiomara Castro, ha convocado de urgencia a los presidentes de los pa\u00edses miembros de la CELAC para condenar lo que describe como fascismo.<\/p>\n\n\n\n<p>\u00abConvoco de urgencia a los presidentes de los pa\u00edses miembros de la CELAC, a condenar el fascismo que hoy atenta contra la democracia en Bolivia y exigir el respeto pleno al poder civil y a la Constituci\u00f3n. Las fuerzas militares han asestado nuevamente un criminal Golpe de Estado\u00bb.<\/p>\n\n\n\n<p>\u00abManifestamos la m\u00e1s en\u00e9rgica condena al intento de golpe de Estado en Bolivia. Nuestro total apoyo y respaldo al presidente Luis Alberto Arce Catacora, aut\u00e9ntica autoridad democr\u00e1tica de ese pueblo y pa\u00eds hermano\u00bb.<br>La organizaci\u00f3n Defensor\u00eda del Pueblo de Bolivia lanz\u00f3 un comunicado denunciando ante la comunidad internacional el movimiento militar en la Plaza Murillo y advierte \u00abel riesgo de la democracia en Bolivia\u00bb.<\/p>\n\n\n\n<p>\u00abSe llama a todos los actores sociales a precautelar, por sobre todos inter\u00e9s, el Estado de derecho, constitucional y preservar el sistema democr\u00e1tico\u00bb.<br>El ex titular de la Secretar\u00eda de Relaciones Exteriores de M\u00e9xico, Marcelo Ebrard, mand\u00f3 un mensaje denunciando el intento de golpe de Estado en Bolivia contra el presidente leg\u00edtimo Luis Arce.<\/p>\n\n\n\n<p>Ebrard fue uno de los principales gestores del asilo pol\u00edtico que M\u00e9xico dio a Evo Morales durante el actual sexenio.<br>El presidente de Chile, Gabriel Boric, manifest\u00f3 su preocupaci\u00f3n por la movilizaci\u00f3n militar en Bolivia y asegur\u00f3 que el pueblo boliviano cuenta con el apoyo de su gobierno.<\/p>\n\n\n\n<p>\u00abDesde Chile manifiesto mi preocupaci\u00f3n por la situaci\u00f3n en Bolivia. Expresamos nuestro apoyo a la democracia en el hermano pa\u00eds y al gobierno leg\u00edtimo. Condenamos en\u00e9rgicamente la inaceptable acci\u00f3n de fuerza de un sector del ej\u00e9rcito de ese pa\u00eds. No podemos tolerar ning\u00fan quebrantamiento del orden constitucional leg\u00edtimo en Bolivia o en cualquier otro lugar\u00bb.<br>Medios locales confirmaron que una supuesta tanqueta ingreso por la fuerza al interior del Palacio Quemado.<\/p>\n\n\n\n<p>Aparentemente en el veh\u00edculo se encontraba el comandante del Ej\u00e9rcito Juan Jos\u00e9 Zu\u00f1iga. Los medios tambi\u00e9n dijeron desconocer si el Gobierno de Bolivia se hab\u00eda pronunciado oficialmente respecto al intento de golpe de Estado en marcha.<br>El expresidente Evo Morales asegur\u00f3 este jueves que se est\u00e1 gestando un \u00abgolpe de Estado\u00bb en Bolivia, ante el despliegue inusual de tanquetas y tropas frente a la sede del gobierno.<\/p>\n\n\n\n<p>\u00abSe gesta el Golpe de Estado. En este momento se despliega personal de las Fuerzas Armadas y tanquetas en la Plaza Murillo\u00bb, dijo Morales en X. \u00abConvocamos a una Movilizaci\u00f3n Nacional para defender la Democracia frente al golpe de Estado que se gesta a la cabeza del general\u00bb Juan Jos\u00e9 Zu\u00f1iga, comandante del ej\u00e9rcito, se\u00f1al\u00f3 en otro mensaje en la misma red social.<br>El presidente de Bolivia, Luis Arce, denunci\u00f3 este mi\u00e9rcoles \u00abmovilizaciones irregulares\u00bb de militares en momentos en que tropas y tanquetas se apostaban frente a la sede de gobierno en La Paz, seg\u00fan pudo observar la AFP.<\/p>\n\n\n\n<p>\u00abDenunciamos movilizaciones irregulares de algunas unidades del Ej\u00e9rcito Boliviano. La democracia debe respetarse\u00bb, escribi\u00f3 el mandatario en su red social X.<\/p>\n","protected":false},"excerpt":{"rendered":"<p>Alrededor de las 15:00 horas en Bolivia (local), ciudadanos y medios de comunicaci\u00f3n comenzaron a observar la movilizaci\u00f3n de tanquetas y personal militar en la Pla de la Paz. De acuerdo con medios locales, las Fuerzas Armadas de Bolivia irrumpieron la tarde en el Palacio de Gobierno de Bolivia con el fin de realizar un [&hellip;]<\/p>\n","protected":false},"author":4,"featured_media":48165,"comment_status":"open","ping_status":"open","sticky":false,"template":"","format":"standard","meta":{"om_disable_all_campaigns":false,"_monsterinsights_skip_tracking":false,"_monsterinsights_sitenote_active":false,"_monsterinsights_sitenote_note":"","_monsterinsights_sitenote_category":0,"footnotes":""},"categories":[183],"tags":[195],"class_list":["post-48164","post","type-post","status-publish","format-standard","has-post-thumbnail","hentry","category-internacional","tag-principal"],"amp_enabled":true,"_links":{"self":[{"href":"https:\/\/lahora.mx\/index.php\/wp-json\/wp\/v2\/posts\/48164","targetHints":{"allow":["GET"]}}],"collection":[{"href":"https:\/\/lahora.mx\/index.php\/wp-json\/wp\/v2\/posts"}],"about":[{"href":"https:\/\/lahora.mx\/index.php\/wp-json\/wp\/v2\/types\/post"}],"author":[{"embeddable":true,"href":"https:\/\/lahora.mx\/index.php\/wp-json\/wp\/v2\/users\/4"}],"replies":[{"embeddable":true,"href":"https:\/\/lahora.mx\/index.php\/wp-json\/wp\/v2\/comments?post=48164"}],"version-history":[{"count":1,"href":"https:\/\/lahora.mx\/index.php\/wp-json\/wp\/v2\/posts\/48164\/revisions"}],"predecessor-version":[{"id":48166,"href":"https:\/\/lahora.mx\/index.php\/wp-json\/wp\/v2\/posts\/48164\/revisions\/48166"}],"wp:featuredmedia":[{"embeddable":true,"href":"https:\/\/lahora.mx\/index.php\/wp-json\/wp\/v2\/media\/48165"}],"wp:attachment":[{"href":"https:\/\/lahora.mx\/index.php\/wp-json\/wp\/v2\/media?parent=48164"}],"wp:term":[{"taxonomy":"category","embeddable":true,"href":"https:\/\/lahora.mx\/index.php\/wp-json\/wp\/v2\/categories?post=48164"},{"taxonomy":"post_tag","embeddable":true,"href":"https:\/\/lahora.mx\/index.php\/wp-json\/wp\/v2\/tags?post=48164"}],"curies":[{"name":"wp","href":"https:\/\/api.w.org\/{rel}","templated":true}]}}