{"id":48153,"date":"2024-06-26T17:24:31","date_gmt":"2024-06-26T17:24:31","guid":{"rendered":"http:\/\/lahora.mx\/?p=48153"},"modified":"2024-06-26T17:42:28","modified_gmt":"2024-06-26T17:42:28","slug":"acusan-de-violacion-a-director-de-la-filarmonica-de-puebla-y-renuncia","status":"publish","type":"post","link":"https:\/\/lahora.mx\/index.php\/2024\/06\/26\/acusan-de-violacion-a-director-de-la-filarmonica-de-puebla-y-renuncia\/","title":{"rendered":"Acusan de violaci\u00f3n a Director de la Filarm\u00f3nica de Puebla y renuncia"},"content":{"rendered":"\n<p>H\u00e9ctor Antonio Centeno L\u00f3pez, m\u00fasico y exdirector de la Orquesta Filarm\u00f3nica de Puebla (ORFIP) a quien acusaron de violaci\u00f3n durante un concierto en el Museo Internacional del Barroco el pasado 23 de junio, renunci\u00f3 al cargo de manera voluntaria \u201cpara atender personalmente las acusaciones en su contra\u201d.<\/p>\n\n\n\n<p>As\u00ed lo inform\u00f3 la ORFIP a trav\u00e9s de un comunicado oficial en d\u00f3nde tambi\u00e9n dieron a conocer que la junta directiva de la instituci\u00f3n design\u00f3 como nuevo director al maestro \u00c1ngel V\u00e9lez, quien se encargar\u00e1 de dirigir a la orquesta en sus pr\u00f3ximas presentaciones, en sustituci\u00f3n de H\u00e9ctor Antonio Centeno L\u00f3pez.<\/p>\n\n\n\n<p>\u201cQueremos reiterar que la agenda de la ORFIP se mantendr\u00e1 sin alteraciones, manteni\u00e9ndose fiel a su compromiso con la excelencia musical que nos caracteriza\u201d, se ley\u00f3 en el comunicado que comparti\u00f3 la instituci\u00f3n musical poblana.<br>Acusan de violaci\u00f3n al director de la Filarm\u00f3nica de Puebla<br>Al medio d\u00eda de este domingo, durante el concierto \u201cLa fete de la musique\u201d, un grupo de personas se manifest\u00f3 con pancartas y acus\u00f3 de m\u00faltiples violaciones y abuso sexual al entonces director de la ORFIP, el m\u00fasico H\u00e9ctor Antonio Centeno L\u00f3pez.<\/p>\n\n\n\n<p>Fueron al menos cinco mujeres y un hombre quienes se manifestaron y mostraron los carteles en que denunciaron el presunto abuso sexual, momentos antes de concluir el evento.<\/p>\n\n\n\n<p>Entre las consignas de los manifestantes escritas en cartulinas estaban; \u201cNing\u00fan abusador ser\u00e1 director\u201d, \u201cNi una ni dos, H\u00e9ctor Antonio nos abus\u00f3\u201d, \u201cH\u00e9ctor Antonio, director general, no te import\u00f3\u201d, \u201cH\u00e9ctor Antonio, ning\u00fan abusador ser\u00e1 director\u201d, \u201cH\u00e9ctor Antonio, director general violador\u201d, \u201cx m\u00ed y por mis amigas, no + abusadores en la orquesta\u201d.<\/p>\n\n\n\n<p>Autoridades piden formalizar acusaciones<br>La directora estatal de Museos Puebla, Anel Nochebuena Escobar, confirm\u00f3 la protesta y subray\u00f3 que la ORFIP es una agrupaci\u00f3n particular, por lo que el presunto violador no es funcionario p\u00fablico. Adem\u00e1s, invit\u00f3 a las presuntas v\u00edctimas a formalizar la denuncia ante las instancias correspondientes.<\/p>\n\n\n\n<p>Al respecto de las acusaciones, durante rueda de prensa el gobernador del estado de Puebla, Sergio Salom\u00f3n C\u00e9spedes Peregrina, se\u00f1al\u00f3 que se investigar\u00e1n los hechos y se proceder\u00e1 conforme a la Ley si as\u00ed lo amerita el caso.<\/p>\n","protected":false},"excerpt":{"rendered":"<p>H\u00e9ctor Antonio Centeno L\u00f3pez, m\u00fasico y exdirector de la Orquesta Filarm\u00f3nica de Puebla (ORFIP) a quien acusaron de violaci\u00f3n durante un concierto en el Museo Internacional del Barroco el pasado 23 de junio, renunci\u00f3 al cargo de manera voluntaria \u201cpara atender personalmente las acusaciones en su contra\u201d. As\u00ed lo inform\u00f3 la ORFIP a trav\u00e9s de [&hellip;]<\/p>\n","protected":false},"author":4,"featured_media":48154,"comment_status":"open","ping_status":"open","sticky":false,"template":"","format":"standard","meta":{"om_disable_all_campaigns":false,"_monsterinsights_skip_tracking":false,"_monsterinsights_sitenote_active":false,"_monsterinsights_sitenote_note":"","_monsterinsights_sitenote_category":0,"footnotes":""},"categories":[175,226],"tags":[195,223],"class_list":["post-48153","post","type-post","status-publish","format-standard","has-post-thumbnail","hentry","category-local","category-policia","tag-principal","tag-puebla"],"amp_enabled":true,"_links":{"self":[{"href":"https:\/\/lahora.mx\/index.php\/wp-json\/wp\/v2\/posts\/48153","targetHints":{"allow":["GET"]}}],"collection":[{"href":"https:\/\/lahora.mx\/index.php\/wp-json\/wp\/v2\/posts"}],"about":[{"href":"https:\/\/lahora.mx\/index.php\/wp-json\/wp\/v2\/types\/post"}],"author":[{"embeddable":true,"href":"https:\/\/lahora.mx\/index.php\/wp-json\/wp\/v2\/users\/4"}],"replies":[{"embeddable":true,"href":"https:\/\/lahora.mx\/index.php\/wp-json\/wp\/v2\/comments?post=48153"}],"version-history":[{"count":1,"href":"https:\/\/lahora.mx\/index.php\/wp-json\/wp\/v2\/posts\/48153\/revisions"}],"predecessor-version":[{"id":48155,"href":"https:\/\/lahora.mx\/index.php\/wp-json\/wp\/v2\/posts\/48153\/revisions\/48155"}],"wp:featuredmedia":[{"embeddable":true,"href":"https:\/\/lahora.mx\/index.php\/wp-json\/wp\/v2\/media\/48154"}],"wp:attachment":[{"href":"https:\/\/lahora.mx\/index.php\/wp-json\/wp\/v2\/media?parent=48153"}],"wp:term":[{"taxonomy":"category","embeddable":true,"href":"https:\/\/lahora.mx\/index.php\/wp-json\/wp\/v2\/categories?post=48153"},{"taxonomy":"post_tag","embeddable":true,"href":"https:\/\/lahora.mx\/index.php\/wp-json\/wp\/v2\/tags?post=48153"}],"curies":[{"name":"wp","href":"https:\/\/api.w.org\/{rel}","templated":true}]}}