{"id":48147,"date":"2024-06-25T22:19:10","date_gmt":"2024-06-25T22:19:10","guid":{"rendered":"http:\/\/lahora.mx\/?p=48147"},"modified":"2024-06-25T22:19:11","modified_gmt":"2024-06-25T22:19:11","slug":"aseguran-arsenal-en-boca-del-rio-veracruz","status":"publish","type":"post","link":"https:\/\/lahora.mx\/index.php\/2024\/06\/25\/aseguran-arsenal-en-boca-del-rio-veracruz\/","title":{"rendered":"Aseguran arsenal en Boca del R\u00edo, Veracruz"},"content":{"rendered":"\n<p>Un arsenal de al menos 200 armas de fuego logr\u00f3 ser asegurado en una residencia del municipio de Boca del R\u00edo, en la zona conurbada al puerto de Veracruz.<\/p>\n\n\n\n<p>Fueron elementos de la Secretar\u00eda de Marina-Armada de M\u00e9xico, con el apoyo de agentes estatales, quienes llevaron a cabo un operativo especial en el lujoso fraccionamiento Costa de Oro de esa zona tur\u00edstica.<\/p>\n\n\n\n<p>De acuerdo con el reporte oficial, una llamada an\u00f3nima les alert\u00f3 de la presencia del arsenal en un edificio de departamentos, por lo cual agentes de la marina y polic\u00eda estatales realizaron el operativo que abarc\u00f3 al menos tres cuadras a la redonda.<\/p>\n\n\n\n<p>Empleados del lugar, reportaron que la puerta de un departamento estaba forzada y rota, por lo que al investigar descubrieron el arsenal y estupefacientes.<\/p>\n\n\n\n<p>Los agentes realizaron una inspecci\u00f3n en el interior del lugar, donde fueron localizadas armas largas, cargadores y droga, sin que hasta ahora se especifique el tipo de armamento.<\/p>\n\n\n\n<p>La Fiscal\u00eda General de la Rep\u00fablica abri\u00f3 una investigaci\u00f3n, por lo que el arsenal qued\u00f3 en sus manos.<\/p>\n","protected":false},"excerpt":{"rendered":"<p>Un arsenal de al menos 200 armas de fuego logr\u00f3 ser asegurado en una residencia del municipio de Boca del R\u00edo, en la zona conurbada al puerto de Veracruz. Fueron elementos de la Secretar\u00eda de Marina-Armada de M\u00e9xico, con el apoyo de agentes estatales, quienes llevaron a cabo un operativo especial en el lujoso fraccionamiento [&hellip;]<\/p>\n","protected":false},"author":4,"featured_media":48148,"comment_status":"open","ping_status":"open","sticky":false,"template":"","format":"standard","meta":{"om_disable_all_campaigns":false,"_monsterinsights_skip_tracking":false,"_monsterinsights_sitenote_active":false,"_monsterinsights_sitenote_note":"","_monsterinsights_sitenote_category":0,"footnotes":""},"categories":[176],"tags":[],"class_list":["post-48147","post","type-post","status-publish","format-standard","has-post-thumbnail","hentry","category-nacional"],"amp_enabled":true,"_links":{"self":[{"href":"https:\/\/lahora.mx\/index.php\/wp-json\/wp\/v2\/posts\/48147","targetHints":{"allow":["GET"]}}],"collection":[{"href":"https:\/\/lahora.mx\/index.php\/wp-json\/wp\/v2\/posts"}],"about":[{"href":"https:\/\/lahora.mx\/index.php\/wp-json\/wp\/v2\/types\/post"}],"author":[{"embeddable":true,"href":"https:\/\/lahora.mx\/index.php\/wp-json\/wp\/v2\/users\/4"}],"replies":[{"embeddable":true,"href":"https:\/\/lahora.mx\/index.php\/wp-json\/wp\/v2\/comments?post=48147"}],"version-history":[{"count":1,"href":"https:\/\/lahora.mx\/index.php\/wp-json\/wp\/v2\/posts\/48147\/revisions"}],"predecessor-version":[{"id":48149,"href":"https:\/\/lahora.mx\/index.php\/wp-json\/wp\/v2\/posts\/48147\/revisions\/48149"}],"wp:featuredmedia":[{"embeddable":true,"href":"https:\/\/lahora.mx\/index.php\/wp-json\/wp\/v2\/media\/48148"}],"wp:attachment":[{"href":"https:\/\/lahora.mx\/index.php\/wp-json\/wp\/v2\/media?parent=48147"}],"wp:term":[{"taxonomy":"category","embeddable":true,"href":"https:\/\/lahora.mx\/index.php\/wp-json\/wp\/v2\/categories?post=48147"},{"taxonomy":"post_tag","embeddable":true,"href":"https:\/\/lahora.mx\/index.php\/wp-json\/wp\/v2\/tags?post=48147"}],"curies":[{"name":"wp","href":"https:\/\/api.w.org\/{rel}","templated":true}]}}