{"id":48144,"date":"2024-06-25T21:08:10","date_gmt":"2024-06-25T21:08:10","guid":{"rendered":"http:\/\/lahora.mx\/?p=48144"},"modified":"2024-06-25T21:08:10","modified_gmt":"2024-06-25T21:08:10","slug":"francisco-romero-exauditor-de-puebla-sale-de-prision-tras-dos-anos-preso","status":"publish","type":"post","link":"https:\/\/lahora.mx\/index.php\/2024\/06\/25\/francisco-romero-exauditor-de-puebla-sale-de-prision-tras-dos-anos-preso\/","title":{"rendered":"Francisco Romero, exauditor de Puebla, sale de prisi\u00f3n tras dos a\u00f1os preso"},"content":{"rendered":"\n<p>Francisco Romero Serrano, exauditor del Estado de Puebla, sali\u00f3 de la c\u00e1rcel de San Miguel este martes 25 de junio; fue detenido durante el gobierno de Luis Miguel Ger\u00f3nimo Barbosa Huerta por lo que estuvo preso dos a\u00f1os y cuatro meses.<\/p>\n\n\n\n<p>Tras el desarrollo de la audiencia, el juez determin\u00f3 la modificaci\u00f3n de las medidas cautelares, donde se estableci\u00f3 que tendr\u00e1 que presentarse para firma peri\u00f3dica de manera mensual y permanecer en la entidad poblana.<\/p>\n\n\n\n<p>Francisco Romero estuvo al frente de la Auditoria Superior del Estado (ASE) del 27 de noviembre de 2019 hasta el 25 de febrero de 2022, cuando fue detenido en el fraccionamiento La Vista.<\/p>\n\n\n\n<p>La aprehensi\u00f3n ocurri\u00f3 en la calle Magnolia, n\u00famero 1406, del fraccionamiento La Vista Country Club, en San Bernardino Tlaxcalancingo, municipio de San Andr\u00e9s Cholula.<\/p>\n\n\n\n<p>El arresto estuvo a cargo de agentes de investigaci\u00f3n de la Fiscal\u00eda General del Estado (FGE).<\/p>\n\n\n\n<p>Tras su aprehensi\u00f3n, el 31 de marzo de 2022, fue formalmente destituido por el Congreso del Estado, tras su detenci\u00f3n por presuntas operaciones con recursos de procedencia il\u00edcita.<\/p>\n","protected":false},"excerpt":{"rendered":"<p>Francisco Romero Serrano, exauditor del Estado de Puebla, sali\u00f3 de la c\u00e1rcel de San Miguel este martes 25 de junio; fue detenido durante el gobierno de Luis Miguel Ger\u00f3nimo Barbosa Huerta por lo que estuvo preso dos a\u00f1os y cuatro meses. Tras el desarrollo de la audiencia, el juez determin\u00f3 la modificaci\u00f3n de las medidas [&hellip;]<\/p>\n","protected":false},"author":4,"featured_media":48145,"comment_status":"open","ping_status":"open","sticky":false,"template":"","format":"standard","meta":{"om_disable_all_campaigns":false,"_monsterinsights_skip_tracking":false,"_monsterinsights_sitenote_active":false,"_monsterinsights_sitenote_note":"","_monsterinsights_sitenote_category":0,"footnotes":""},"categories":[175],"tags":[223],"class_list":["post-48144","post","type-post","status-publish","format-standard","has-post-thumbnail","hentry","category-local","tag-puebla"],"amp_enabled":true,"_links":{"self":[{"href":"https:\/\/lahora.mx\/index.php\/wp-json\/wp\/v2\/posts\/48144","targetHints":{"allow":["GET"]}}],"collection":[{"href":"https:\/\/lahora.mx\/index.php\/wp-json\/wp\/v2\/posts"}],"about":[{"href":"https:\/\/lahora.mx\/index.php\/wp-json\/wp\/v2\/types\/post"}],"author":[{"embeddable":true,"href":"https:\/\/lahora.mx\/index.php\/wp-json\/wp\/v2\/users\/4"}],"replies":[{"embeddable":true,"href":"https:\/\/lahora.mx\/index.php\/wp-json\/wp\/v2\/comments?post=48144"}],"version-history":[{"count":1,"href":"https:\/\/lahora.mx\/index.php\/wp-json\/wp\/v2\/posts\/48144\/revisions"}],"predecessor-version":[{"id":48146,"href":"https:\/\/lahora.mx\/index.php\/wp-json\/wp\/v2\/posts\/48144\/revisions\/48146"}],"wp:featuredmedia":[{"embeddable":true,"href":"https:\/\/lahora.mx\/index.php\/wp-json\/wp\/v2\/media\/48145"}],"wp:attachment":[{"href":"https:\/\/lahora.mx\/index.php\/wp-json\/wp\/v2\/media?parent=48144"}],"wp:term":[{"taxonomy":"category","embeddable":true,"href":"https:\/\/lahora.mx\/index.php\/wp-json\/wp\/v2\/categories?post=48144"},{"taxonomy":"post_tag","embeddable":true,"href":"https:\/\/lahora.mx\/index.php\/wp-json\/wp\/v2\/tags?post=48144"}],"curies":[{"name":"wp","href":"https:\/\/api.w.org\/{rel}","templated":true}]}}