{"id":48129,"date":"2024-06-25T19:49:08","date_gmt":"2024-06-25T19:49:08","guid":{"rendered":"http:\/\/lahora.mx\/?p=48129"},"modified":"2024-06-25T19:49:08","modified_gmt":"2024-06-25T19:49:08","slug":"reuniones-para-transicion-de-ayuntamiento-comenzaran-en-julio-dominguez","status":"publish","type":"post","link":"https:\/\/lahora.mx\/index.php\/2024\/06\/25\/reuniones-para-transicion-de-ayuntamiento-comenzaran-en-julio-dominguez\/","title":{"rendered":"Reuniones para transici\u00f3n de Ayuntamiento comenzar\u00e1n en julio: Dom\u00ednguez"},"content":{"rendered":"\n<p>El presidente municipal de Puebla, Ad\u00e1n Dom\u00ednguez S\u00e1nchez, confirm\u00f3 que la primera semana de julio comenzar\u00e1n las reuniones entre los equipos de transici\u00f3n de cara a la renovaci\u00f3n de la alcald\u00eda de la capital, entre su administraci\u00f3n y la del edil electo, Jos\u00e9 Chedraui Budib.<\/p>\n\n\n\n<p>En entrevista este 25 de junio, se\u00f1al\u00f3 que su equipo se prepara para las reuniones que se realizar\u00e1n llevar\u00e1n a cabo con el presidente electo; a\u00fan falta que d\u00e9 a conocer de forma oficial a su equipo de transici\u00f3n.<\/p>\n\n\n\n<p>\u201cEstamos ultimando detalles respecto de esta serie de reuniones de la instalaci\u00f3n de la comisi\u00f3n de transici\u00f3n, seguramente a inicios del mes de julio ser\u00e1 cuando hicimos estos trabajos\u00bb, afirm\u00f3.<\/p>\n\n\n\n<p>En contraste durante la pasada renovaci\u00f3n del ayuntamiento poblano entre Eduardo Rivera P\u00e9rez y Claudia Rivera Vivanco, se realizaron cerca de siete reuniones entre ambas partes.<\/p>\n\n\n\n<p>Ad\u00e1n Dom\u00ednguez destac\u00f3 que desde el primer encuentro entre ambos alcaldes se mantuvo buena relaci\u00f3n adem\u00e1s de cordialidad en el trato. Ambos mencionaron que en las reuniones se debe priorizar a la ciudad y sus necesidades.<\/p>\n\n\n\n<p>El pasado 14 de junio, Jos\u00e9 Chedraui visit\u00f3 el Palacio Municipal para dialogar con el alcalde Dom\u00ednguez; ah\u00ed el panista se\u00f1al\u00f3 que las reuniones que tendr\u00e1n estar\u00e1n apegadas a Ley, por lo que van en tiempo y forma, adem\u00e1s de que no se presentar\u00e1 ning\u00fan tipo de contratiempo.<\/p>\n","protected":false},"excerpt":{"rendered":"<p>El presidente municipal de Puebla, Ad\u00e1n Dom\u00ednguez S\u00e1nchez, confirm\u00f3 que la primera semana de julio comenzar\u00e1n las reuniones entre los equipos de transici\u00f3n de cara a la renovaci\u00f3n de la alcald\u00eda de la capital, entre su administraci\u00f3n y la del edil electo, Jos\u00e9 Chedraui Budib. En entrevista este 25 de junio, se\u00f1al\u00f3 que su equipo [&hellip;]<\/p>\n","protected":false},"author":4,"featured_media":48130,"comment_status":"open","ping_status":"open","sticky":false,"template":"","format":"standard","meta":{"om_disable_all_campaigns":false,"_monsterinsights_skip_tracking":false,"_monsterinsights_sitenote_active":false,"_monsterinsights_sitenote_note":"","_monsterinsights_sitenote_category":0,"footnotes":""},"categories":[175],"tags":[223],"class_list":["post-48129","post","type-post","status-publish","format-standard","has-post-thumbnail","hentry","category-local","tag-puebla"],"amp_enabled":true,"_links":{"self":[{"href":"https:\/\/lahora.mx\/index.php\/wp-json\/wp\/v2\/posts\/48129","targetHints":{"allow":["GET"]}}],"collection":[{"href":"https:\/\/lahora.mx\/index.php\/wp-json\/wp\/v2\/posts"}],"about":[{"href":"https:\/\/lahora.mx\/index.php\/wp-json\/wp\/v2\/types\/post"}],"author":[{"embeddable":true,"href":"https:\/\/lahora.mx\/index.php\/wp-json\/wp\/v2\/users\/4"}],"replies":[{"embeddable":true,"href":"https:\/\/lahora.mx\/index.php\/wp-json\/wp\/v2\/comments?post=48129"}],"version-history":[{"count":1,"href":"https:\/\/lahora.mx\/index.php\/wp-json\/wp\/v2\/posts\/48129\/revisions"}],"predecessor-version":[{"id":48131,"href":"https:\/\/lahora.mx\/index.php\/wp-json\/wp\/v2\/posts\/48129\/revisions\/48131"}],"wp:featuredmedia":[{"embeddable":true,"href":"https:\/\/lahora.mx\/index.php\/wp-json\/wp\/v2\/media\/48130"}],"wp:attachment":[{"href":"https:\/\/lahora.mx\/index.php\/wp-json\/wp\/v2\/media?parent=48129"}],"wp:term":[{"taxonomy":"category","embeddable":true,"href":"https:\/\/lahora.mx\/index.php\/wp-json\/wp\/v2\/categories?post=48129"},{"taxonomy":"post_tag","embeddable":true,"href":"https:\/\/lahora.mx\/index.php\/wp-json\/wp\/v2\/tags?post=48129"}],"curies":[{"name":"wp","href":"https:\/\/api.w.org\/{rel}","templated":true}]}}