{"id":48123,"date":"2024-06-25T18:37:56","date_gmt":"2024-06-25T18:37:56","guid":{"rendered":"http:\/\/lahora.mx\/?p=48123"},"modified":"2024-06-25T18:37:57","modified_gmt":"2024-06-25T18:37:57","slug":"pronostican-tormentas-electricas-este-martes-en-puebla-capital","status":"publish","type":"post","link":"https:\/\/lahora.mx\/index.php\/2024\/06\/25\/pronostican-tormentas-electricas-este-martes-en-puebla-capital\/","title":{"rendered":"Pronostican tormentas el\u00e9ctricas este martes en Puebla capital"},"content":{"rendered":"\n<p>La ciudad de Puebla se prepara este 25 de junio para un d\u00eda con tormentas el\u00e9ctricas dispersas y temperaturas moderadas. La temperatura m\u00e1xima alcanzar\u00e1 los 21\u00b0C y la m\u00ednima descender\u00e1 a 15\u00b0C, con vientos provenientes del sur a una velocidad de 23 kil\u00f3metros por hora.<\/p>\n\n\n\n<p>Durante la ma\u00f1ana, el cielo estar\u00e1 parcialmente nublado con un 60% de probabilidad de tormentas el\u00e9ctricas dispersas. La temperatura m\u00e1xima ser\u00e1 de 21\u00b0C y la m\u00ednima de 17\u00b0C, con vientos del sur a 16 km\/h.<\/p>\n\n\n\n<p>Ya en la tarde se espera un cielo parcialmente nublado con un 40% de probabilidad de tormentas el\u00e9ctricas dispersas y en la noche el cielo continuar\u00e1 parcialmente nublado con un 20% de probabilidad de tormentas el\u00e9ctricas dispersas en Puebla capital.<\/p>\n\n\n\n<p>Adem\u00e1s, se recomienda mantenerse atentos a los avisos del Servicio Meteorol\u00f3gico Nacional (SMN) por posibles cambios en las condiciones clim\u00e1ticas.<\/p>\n\n\n\n<p>En caso de tormentas el\u00e9ctricas, se recomienda buscar refugio en un lugar seguro y evitar actividades al aire libre. A lo conductores se les recuerda conducir con precauci\u00f3n debido a la posible reducci\u00f3n de visibilidad y resbalosidad de las carreteras por la lluvia.<\/p>\n\n\n\n<p>La calidad del aire en Puebla de Zaragoza se encuentra dentro de los l\u00edmites aceptables. Sin embargo, las personas con problemas respiratorios deben tomar precauciones, como evitar actividades al aire libre durante las horas pico de contaminaci\u00f3n.<\/p>\n","protected":false},"excerpt":{"rendered":"<p>La ciudad de Puebla se prepara este 25 de junio para un d\u00eda con tormentas el\u00e9ctricas dispersas y temperaturas moderadas. La temperatura m\u00e1xima alcanzar\u00e1 los 21\u00b0C y la m\u00ednima descender\u00e1 a 15\u00b0C, con vientos provenientes del sur a una velocidad de 23 kil\u00f3metros por hora. Durante la ma\u00f1ana, el cielo estar\u00e1 parcialmente nublado con un [&hellip;]<\/p>\n","protected":false},"author":4,"featured_media":48124,"comment_status":"open","ping_status":"open","sticky":false,"template":"","format":"standard","meta":{"om_disable_all_campaigns":false,"_monsterinsights_skip_tracking":false,"_monsterinsights_sitenote_active":false,"_monsterinsights_sitenote_note":"","_monsterinsights_sitenote_category":0,"footnotes":""},"categories":[175],"tags":[195,223],"class_list":["post-48123","post","type-post","status-publish","format-standard","has-post-thumbnail","hentry","category-local","tag-principal","tag-puebla"],"amp_enabled":true,"_links":{"self":[{"href":"https:\/\/lahora.mx\/index.php\/wp-json\/wp\/v2\/posts\/48123","targetHints":{"allow":["GET"]}}],"collection":[{"href":"https:\/\/lahora.mx\/index.php\/wp-json\/wp\/v2\/posts"}],"about":[{"href":"https:\/\/lahora.mx\/index.php\/wp-json\/wp\/v2\/types\/post"}],"author":[{"embeddable":true,"href":"https:\/\/lahora.mx\/index.php\/wp-json\/wp\/v2\/users\/4"}],"replies":[{"embeddable":true,"href":"https:\/\/lahora.mx\/index.php\/wp-json\/wp\/v2\/comments?post=48123"}],"version-history":[{"count":1,"href":"https:\/\/lahora.mx\/index.php\/wp-json\/wp\/v2\/posts\/48123\/revisions"}],"predecessor-version":[{"id":48125,"href":"https:\/\/lahora.mx\/index.php\/wp-json\/wp\/v2\/posts\/48123\/revisions\/48125"}],"wp:featuredmedia":[{"embeddable":true,"href":"https:\/\/lahora.mx\/index.php\/wp-json\/wp\/v2\/media\/48124"}],"wp:attachment":[{"href":"https:\/\/lahora.mx\/index.php\/wp-json\/wp\/v2\/media?parent=48123"}],"wp:term":[{"taxonomy":"category","embeddable":true,"href":"https:\/\/lahora.mx\/index.php\/wp-json\/wp\/v2\/categories?post=48123"},{"taxonomy":"post_tag","embeddable":true,"href":"https:\/\/lahora.mx\/index.php\/wp-json\/wp\/v2\/tags?post=48123"}],"curies":[{"name":"wp","href":"https:\/\/api.w.org\/{rel}","templated":true}]}}