{"id":48120,"date":"2024-06-25T18:22:08","date_gmt":"2024-06-25T18:22:08","guid":{"rendered":"http:\/\/lahora.mx\/?p=48120"},"modified":"2024-06-25T18:22:08","modified_gmt":"2024-06-25T18:22:08","slug":"mas-de-2-millones-de-autos-regularizados-han-logrado-generar-mas-de-5-mil-mdp-sspc","status":"publish","type":"post","link":"https:\/\/lahora.mx\/index.php\/2024\/06\/25\/mas-de-2-millones-de-autos-regularizados-han-logrado-generar-mas-de-5-mil-mdp-sspc\/","title":{"rendered":"M\u00e1s de 2 millones de autos regularizados han logrado generar m\u00e1s de 5 mil mdp: SSPC"},"content":{"rendered":"\n<p>Como parte del informe de seguridad que cada quince d\u00edas presenta la titular de la Secretar\u00eda de Seguridad y Protecci\u00f3n Ciudadana (SSPC), Rosa Icela Rodr\u00edguez Vel\u00e1zquez, hoy se dio a conocer el n\u00famero de autos regularizados gracias al programa de Regularizaci\u00f3n de veh\u00edculos usados de procedencia extranjera.<\/p>\n\n\n\n<p>En total, desde el periodo comprendido del 19 de marzo de 2022 al 24 de junio de 2024, se han regularizado 2 millones 358 mil 231 veh\u00edculos en 17 estados donde se aplica dicha iniciativa federal.<\/p>\n\n\n\n<p>Se han podido regularizar 2 millones 358 mil 231 veh\u00edculos, los cuales ya tienen los documentos que le dan regularizaci\u00f3n para su estancia en el pa\u00eds. Hay que decir que son modelos del 2018 y anteriores\u201d, explic\u00f3 la funcionaria.<br>De acuerdo con la titular de la SSPC todo lo anterior ha generado una ganancia de 5 mil 895 millones 577 mil 500 pesos, los cuales, refiri\u00f3, son usados para pavimentar calles y quitar baches de las zonas donde aplica el programa.<\/p>\n\n\n\n<p>Los ingresos generados por el programa suman m\u00e1s de 5 mil 895 millones 577 mil 500 pesos, haciendo posible la repavimentaci\u00f3n de 4 millones 363 mil 546 metros cuadrados de avenidas en los estados participantes que se encontraban en estos lugares en malas condiciones\u201d, apunt\u00f3.<\/p>\n\n\n\n<p>Para cerrar, Rodr\u00edguez Vel\u00e1zquez se\u00f1al\u00f3 en el marco de la conferencia de prensa del presidente de M\u00e9xico, Andr\u00e9s Manuel L\u00f3pez Obrador, que Chihuahua, Tamaulipas y Baja California son las tres entidades que m\u00e1s se han beneficiado con la presente iniciativa, misma que estar\u00e1 vigente hasta el pr\u00f3ximo 30 de septiembre de 2024.<\/p>\n","protected":false},"excerpt":{"rendered":"<p>Como parte del informe de seguridad que cada quince d\u00edas presenta la titular de la Secretar\u00eda de Seguridad y Protecci\u00f3n Ciudadana (SSPC), Rosa Icela Rodr\u00edguez Vel\u00e1zquez, hoy se dio a conocer el n\u00famero de autos regularizados gracias al programa de Regularizaci\u00f3n de veh\u00edculos usados de procedencia extranjera. En total, desde el periodo comprendido del 19 [&hellip;]<\/p>\n","protected":false},"author":4,"featured_media":48121,"comment_status":"open","ping_status":"open","sticky":false,"template":"","format":"standard","meta":{"om_disable_all_campaigns":false,"_monsterinsights_skip_tracking":false,"_monsterinsights_sitenote_active":false,"_monsterinsights_sitenote_note":"","_monsterinsights_sitenote_category":0,"footnotes":""},"categories":[176],"tags":[],"class_list":["post-48120","post","type-post","status-publish","format-standard","has-post-thumbnail","hentry","category-nacional"],"amp_enabled":true,"_links":{"self":[{"href":"https:\/\/lahora.mx\/index.php\/wp-json\/wp\/v2\/posts\/48120","targetHints":{"allow":["GET"]}}],"collection":[{"href":"https:\/\/lahora.mx\/index.php\/wp-json\/wp\/v2\/posts"}],"about":[{"href":"https:\/\/lahora.mx\/index.php\/wp-json\/wp\/v2\/types\/post"}],"author":[{"embeddable":true,"href":"https:\/\/lahora.mx\/index.php\/wp-json\/wp\/v2\/users\/4"}],"replies":[{"embeddable":true,"href":"https:\/\/lahora.mx\/index.php\/wp-json\/wp\/v2\/comments?post=48120"}],"version-history":[{"count":1,"href":"https:\/\/lahora.mx\/index.php\/wp-json\/wp\/v2\/posts\/48120\/revisions"}],"predecessor-version":[{"id":48122,"href":"https:\/\/lahora.mx\/index.php\/wp-json\/wp\/v2\/posts\/48120\/revisions\/48122"}],"wp:featuredmedia":[{"embeddable":true,"href":"https:\/\/lahora.mx\/index.php\/wp-json\/wp\/v2\/media\/48121"}],"wp:attachment":[{"href":"https:\/\/lahora.mx\/index.php\/wp-json\/wp\/v2\/media?parent=48120"}],"wp:term":[{"taxonomy":"category","embeddable":true,"href":"https:\/\/lahora.mx\/index.php\/wp-json\/wp\/v2\/categories?post=48120"},{"taxonomy":"post_tag","embeddable":true,"href":"https:\/\/lahora.mx\/index.php\/wp-json\/wp\/v2\/tags?post=48120"}],"curies":[{"name":"wp","href":"https:\/\/api.w.org\/{rel}","templated":true}]}}