{"id":48114,"date":"2024-06-25T18:09:18","date_gmt":"2024-06-25T18:09:18","guid":{"rendered":"http:\/\/lahora.mx\/?p=48114"},"modified":"2024-06-25T18:09:19","modified_gmt":"2024-06-25T18:09:19","slug":"amlo-festeja-liberacion-de-julian-assange","status":"publish","type":"post","link":"https:\/\/lahora.mx\/index.php\/2024\/06\/25\/amlo-festeja-liberacion-de-julian-assange\/","title":{"rendered":"AMLO \u2018festeja\u2019 liberaci\u00f3n de Julian Assange"},"content":{"rendered":"\n<p>El presidente Andr\u00e9s Manuel L\u00f3pez Obrador encabeza su conferencia \u2018ma\u00f1anera\u2019 de este martes 25 de junio desde Palacio Nacional acompa\u00f1ado de su gabinete de seguridad.<br>\u00bfAMLO recibir\u00e1 pensi\u00f3n cuando deje la Presidencia?<br>El dirigente asegur\u00f3 que ya empez\u00f3 a \u201cexplorar\u201d lo de su pensi\u00f3n, a tres meses de que deje la Presidencia.<\/p>\n\n\n\n<p>El Ejecutivo record\u00f3 cuando trabaj\u00f3 para el Instituto Nacional Indigenista (INI) de 1977-1982 en donde aclar\u00f3 que despu\u00e9s de pagar al ISSSTE su cuota y tras trabajar por cinco a\u00f1os para el INCO explic\u00f3 que desapareci\u00f3 su expediente.<\/p>\n\n\n\n<p>\u201cPas\u00f3 algo especial, como me fui despu\u00e9s de candidato a Tabasco en el 1988 desapareci\u00f3 mi expediente entonces tuve que hacer un tr\u00e1mite especial en el ISSSTE para que me reconocieran el tiempo. Ah\u00ed van como diez, fui 5 a\u00f1os jefe de Gobierno 15 y ahora ya llevo cinco son 20 a\u00f1os, entonces por ese tiempo y por la edad ya tengo derecho a recibir una pensi\u00f3n del ISSSTE, pero va a ser de 25 mil a 30 mil pesos mensuales\u201d, indic\u00f3.<br>Adem\u00e1s explic\u00f3 que tiene otros ingresos \u201crecib\u00f3 recursos por los libros eso lo tiene Beatriz M\u00fcller, ella es la que maneja esos ingresos y tambi\u00e9n los sueldos, entonces considero que con la pensi\u00f3n me va a alcanzar para vivir en Palenque\u201d, dijo.<\/p>\n\n\n\n<p>Explic\u00f3 que en el caso de su esposa Beatriz, quien es investigadora se quedar\u00e1 en la capital del pa\u00eds, no obstante, comunic\u00f3 que los derechos de autor por sus libros ser\u00e1n para su esposa y para su hijo mejor, Jes\u00fas Ernesto.<br><\/p>\n\n\n\n<p>Su captura desat\u00f3 una serie de narco bloqueos y quema de veh\u00edculos en cinco municipios, hechos en los que muri\u00f3 asesinado un bombero de Celaya. La detenci\u00f3n de Luis Antonio Y\u00e9pez Cervantes se hizo p\u00fablica en el Registro Nacional de Detenciones.<\/p>\n\n\n\n<p>No obstante, el presidente confirm\u00f3 esta ma\u00f1ana que se tiene que hacer una revisi\u00f3n, despu\u00e9s de que un juez lo diera en libertad junto a sus dos c\u00f3mplices.<\/p>\n\n\n\n<p>El domingo, el presidente mexicano y su sucesora, Claudia Sheinbaum, inauguraron un cuartel de la Guardia Nacional, en el municipio de Santa Cruz Xoxocotl\u00e1n, en el estado de Oaxaca, en el que la segunda afirm\u00f3 que seguir\u00e1 fortaleciendo y consolidando a ese cuerpo de seguridad como parte de la Secretar\u00eda de la Defensa Nacional (Sedena).<\/p>\n\n\n\n<p>En el evento ambos aseguraron que en el pr\u00f3ximo gobierno (2024-2030), encabezado por Sheinbaum a partir del 1 de octubre, se dar\u00e1 continuidad a la pol\u00edtica de seguridad y militarizaci\u00f3n iniciada por L\u00f3pez Obrador con la creaci\u00f3n, en 2019, de la Guardia Nacional, dedicada a la seguridad p\u00fablica y que ten\u00eda la promesa presidencial de mantenerla bajo control civil.<\/p>\n\n\n\n<p>\u201cLa Guardia Nacional, en tan solo cinco a\u00f1os, ya tiene el reconocimiento del pueblo de M\u00e9xico y nos corresponde a partir del 1 de octubre seguir fortaleciendo y consolidarla como parte de la Secretar\u00eda de la Defensa Nacional con la reforma constitucional que est\u00e1 en puerta en el Congreso mexicano\u201d, dijo Sheinbaum durante su intervenci\u00f3n.<br>\u00bfC\u00f3mo ser\u00e1 el acuerdo para que Suiza represente a M\u00e9xico frente a Ecuador?<br>Al ser cuestionado sobre el conflicto con Ecuador, el presidente adelant\u00f3 c\u00f3mo ser\u00e1 el acuerdo para que Suiza represente a M\u00e9xico en el conflicto que mantiene con Ecuador, tras el asalto a la Embajada en Quito.<\/p>\n\n\n\n<p>\u201cB\u00e1sicamente es que se cuiden los bienes de M\u00e9xico, que se cuide la embajada para que no sufra ning\u00fan da\u00f1o, en eso estriba el acuerdo\u201d, coment\u00f3.<\/p>\n\n\n\n<p>Reiter\u00f3 que sigue a la espera de que la Corte de Justicia Internacional resuelva \u201clo que nosotros consideramos fue una violaci\u00f3n al derecho internacional, a nuestra soberan\u00eda y la agresi\u00f3n a los diplom\u00e1ticos mexicanos\u201d, sostuvo.<br>\u00bfQu\u00e9 dice la carta que envi\u00f3 AMLO a Trump y Biden sobre la detenci\u00f3n de Assange?<br>El presidente L\u00f3pez Obrador revel\u00f3 desde Palacio Nacional las cartas que envi\u00f3 al expresidente Donald Trump y el actual presidente Joe Biden, tras la detenci\u00f3n del fundador de de WikiLeaks, Julian Assange.<\/p>\n\n\n\n<p>En su conferencia ma\u00f1anera, el mandatario ley\u00f3 ambas cartas en donde pide a ambos dirigentes que consideren la liberaci\u00f3n de Julian Assange debido a que se dieron violaciones a sus derechos humanos adem\u00e1s de vulnerar la libertad de expresi\u00f3n de Estados Unidos.<br>\u201cLa salud del se\u00f1or Assange se ha deteriorado severamente y se encuentra en riesgo real de morir prisi\u00f3n. Si logra salir con vida de esa situaci\u00f3n, enfrenta una posible condena de c\u00e1rcel por muchos a\u00f1os en Estados Unidos. En mi opini\u00f3n, aunque haya actuado de manera equivocada, es una persona movida por ideales y principios, y pienso que por ese hecho deber\u00eda ser merecedor de compasi\u00f3n\u201d, se lee en la carta que AMLO envi\u00f3 a Trump.<\/p>\n\n\n\n<p>En relaci\u00f3n con eso, L\u00f3pez Obrador felicit\u00f3 a familiares, amigos y millones de mexicanos porque participaron para hacer posible la libertad de Assange: \u201cNosotros tambi\u00e9n nos sumamos a esa campa\u00f1a (\u2026) estamos muy contentos. Era como tener en prisi\u00f3n la libertan y en especial la libertad de expresi\u00f3n\u201d, expres\u00f3.<\/p>\n","protected":false},"excerpt":{"rendered":"<p>El presidente Andr\u00e9s Manuel L\u00f3pez Obrador encabeza su conferencia \u2018ma\u00f1anera\u2019 de este martes 25 de junio desde Palacio Nacional acompa\u00f1ado de su gabinete de seguridad.\u00bfAMLO recibir\u00e1 pensi\u00f3n cuando deje la Presidencia?El dirigente asegur\u00f3 que ya empez\u00f3 a \u201cexplorar\u201d lo de su pensi\u00f3n, a tres meses de que deje la Presidencia. El Ejecutivo record\u00f3 cuando trabaj\u00f3 [&hellip;]<\/p>\n","protected":false},"author":4,"featured_media":48115,"comment_status":"open","ping_status":"open","sticky":false,"template":"","format":"standard","meta":{"om_disable_all_campaigns":false,"_monsterinsights_skip_tracking":false,"_monsterinsights_sitenote_active":false,"_monsterinsights_sitenote_note":"","_monsterinsights_sitenote_category":0,"footnotes":""},"categories":[176],"tags":[],"class_list":["post-48114","post","type-post","status-publish","format-standard","has-post-thumbnail","hentry","category-nacional"],"amp_enabled":true,"_links":{"self":[{"href":"https:\/\/lahora.mx\/index.php\/wp-json\/wp\/v2\/posts\/48114","targetHints":{"allow":["GET"]}}],"collection":[{"href":"https:\/\/lahora.mx\/index.php\/wp-json\/wp\/v2\/posts"}],"about":[{"href":"https:\/\/lahora.mx\/index.php\/wp-json\/wp\/v2\/types\/post"}],"author":[{"embeddable":true,"href":"https:\/\/lahora.mx\/index.php\/wp-json\/wp\/v2\/users\/4"}],"replies":[{"embeddable":true,"href":"https:\/\/lahora.mx\/index.php\/wp-json\/wp\/v2\/comments?post=48114"}],"version-history":[{"count":1,"href":"https:\/\/lahora.mx\/index.php\/wp-json\/wp\/v2\/posts\/48114\/revisions"}],"predecessor-version":[{"id":48116,"href":"https:\/\/lahora.mx\/index.php\/wp-json\/wp\/v2\/posts\/48114\/revisions\/48116"}],"wp:featuredmedia":[{"embeddable":true,"href":"https:\/\/lahora.mx\/index.php\/wp-json\/wp\/v2\/media\/48115"}],"wp:attachment":[{"href":"https:\/\/lahora.mx\/index.php\/wp-json\/wp\/v2\/media?parent=48114"}],"wp:term":[{"taxonomy":"category","embeddable":true,"href":"https:\/\/lahora.mx\/index.php\/wp-json\/wp\/v2\/categories?post=48114"},{"taxonomy":"post_tag","embeddable":true,"href":"https:\/\/lahora.mx\/index.php\/wp-json\/wp\/v2\/tags?post=48114"}],"curies":[{"name":"wp","href":"https:\/\/api.w.org\/{rel}","templated":true}]}}