{"id":48099,"date":"2024-06-25T03:32:54","date_gmt":"2024-06-25T03:32:54","guid":{"rendered":"http:\/\/lahora.mx\/?p=48099"},"modified":"2024-06-25T03:32:54","modified_gmt":"2024-06-25T03:32:54","slug":"julian-assange-fundador-de-wikileaks-sale-de-prision","status":"publish","type":"post","link":"https:\/\/lahora.mx\/index.php\/2024\/06\/25\/julian-assange-fundador-de-wikileaks-sale-de-prision\/","title":{"rendered":"Julian Assange, fundador de WikiLeaks, sale de prisi\u00f3n"},"content":{"rendered":"\n<p>El fundador de WikiLeaks, Julian Assange, se declarar\u00e1 culpable de violar la ley de espionaje de Estados Unidos, en un acuerdo que podr\u00eda poner fin a cinco a\u00f1os de encarcelamiento en Reino Unido y permitirle regresar a su pa\u00eds, Australia.<\/p>\n\n\n\n<p>Los fiscales de Estados Unidos indican en documentos judiciales que Assange, de 52 a\u00f1os, acept\u00f3 declararse culpable de un \u00fanico cargo penal de conspiraci\u00f3n para obtener y divulgar informaci\u00f3n clasificada de defensa nacional de Estados Unidos, seg\u00fan los documentos presentados ante el Tribunal de Distrito de Estados Unidos para las Islas Marianas del Norte.<\/p>\n\n\n\n<p>Assange ser\u00e1 condenado en una audiencia que se realizar\u00e1 en la isla de Saip\u00e1n el mi\u00e9rcoles 26 de junio de 2024, a las 9 de la ma\u00f1ana. Es probable que se le abone el tiempo que ya ha cumplido y no se le impongan nuevas penas de c\u00e1rcel.<\/p>\n\n\n\n<p>Fundador de WikiLeaks ya sali\u00f3 de la prisi\u00f3n de Belmarsh<br>Assange, de acuerdo con la cuenta de X de WikiLeaks, sali\u00f3 de la prisi\u00f3n de Belmarsh la ma\u00f1ana de este lunes 24 de junio de 2024, luego de mil 901 d\u00edas.<\/p>\n\n\n\n<p>\u00abEl Tribunal Superior de Londres le concedi\u00f3 la libertad bajo fianza y fue liberado en el aeropuerto de Stansted durante la tarde, donde abord\u00f3 un avi\u00f3n y parti\u00f3 del Reino Unido\u00bb<\/p>\n\n\n\n<p>JULIAN ASSANGE IS FREE<\/p>\n\n\n\n<p>Julian Assange is free. He left Belmarsh maximum security prison on the morning of 24 June, after having spent 1901 days there. He was granted bail by the High Court in London and was released at Stansted airport during the afternoon, where he boarded a\u2026<\/p>\n\n\n\n<p>\u2014 WikiLeaks (@wikileaks) June 24, 2024<\/p>\n\n\n\n<p>En 2010, WikiLeaks hizo p\u00fablicos cientos de miles de documentos militares estadounidenses clasificados sobre las guerras de Washington en Afganist\u00e1n e Irak, las mayores violaciones de la seguridad de este tipo en la historia militar de Estados Unidos.<\/p>\n\n\n\n<p>Assange fue acusado durante la administraci\u00f3n del expresidente Donald Trump por la publicaci\u00f3n masiva de documentos secretos estadounidenses por parte de WikiLeaks, que fueron filtrados por Chelsea Manning, una ex analista de inteligencia militar estadounidense que tambi\u00e9n fue procesada en virtud de la Ley de Espionaje.<\/p>\n\n\n\n<p>Assange intentaba frenar su extradici\u00f3n a Estados Unidos<br>Assange se encontraba en tribunales intentando frenar su extradici\u00f3n a Estados Unidos, que lo persigue por haber publicado desde 2010 m\u00e1s de 700 mil documentos confidenciales sobre las actividades militares y diplom\u00e1ticas estadounidenses.<\/p>\n\n\n\n<p>El fundador de WikiLeaks fue detenido por primera vez en Reino Unido en 2010 en virtud de una orden de detenci\u00f3n europea, despu\u00e9s de que las autoridades suecas dijeran que quer\u00edan interrogarlo por acusaciones de delitos sexuales que posteriormente fueron retiradas. Huy\u00f3 a la embajada de Ecuador, donde permaneci\u00f3 siete a\u00f1os, para evitar su extradici\u00f3n a Suecia.<\/p>\n\n\n\n<p>Fue sacado a rastras de la embajada en 2019 y encarcelado por saltarse la fianza. Desde entonces est\u00e1 en la c\u00e1rcel de m\u00e1xima seguridad londinense de Belmarsh, desde donde lleva casi cinco a\u00f1os luchando contra la extradici\u00f3n a Estados Unidos.<\/p>\n\n\n\n<p>Durante su estancia en Belmarsh se cas\u00f3 con su pareja, Stella, con la que tuvo dos hijos mientras estaba refugiado en la embajada de Ecuador.<\/p>\n","protected":false},"excerpt":{"rendered":"<p>El fundador de WikiLeaks, Julian Assange, se declarar\u00e1 culpable de violar la ley de espionaje de Estados Unidos, en un acuerdo que podr\u00eda poner fin a cinco a\u00f1os de encarcelamiento en Reino Unido y permitirle regresar a su pa\u00eds, Australia. Los fiscales de Estados Unidos indican en documentos judiciales que Assange, de 52 a\u00f1os, acept\u00f3 [&hellip;]<\/p>\n","protected":false},"author":4,"featured_media":48100,"comment_status":"open","ping_status":"open","sticky":false,"template":"","format":"standard","meta":{"om_disable_all_campaigns":false,"_monsterinsights_skip_tracking":false,"_monsterinsights_sitenote_active":false,"_monsterinsights_sitenote_note":"","_monsterinsights_sitenote_category":0,"footnotes":""},"categories":[183],"tags":[195],"class_list":["post-48099","post","type-post","status-publish","format-standard","has-post-thumbnail","hentry","category-internacional","tag-principal"],"amp_enabled":true,"_links":{"self":[{"href":"https:\/\/lahora.mx\/index.php\/wp-json\/wp\/v2\/posts\/48099","targetHints":{"allow":["GET"]}}],"collection":[{"href":"https:\/\/lahora.mx\/index.php\/wp-json\/wp\/v2\/posts"}],"about":[{"href":"https:\/\/lahora.mx\/index.php\/wp-json\/wp\/v2\/types\/post"}],"author":[{"embeddable":true,"href":"https:\/\/lahora.mx\/index.php\/wp-json\/wp\/v2\/users\/4"}],"replies":[{"embeddable":true,"href":"https:\/\/lahora.mx\/index.php\/wp-json\/wp\/v2\/comments?post=48099"}],"version-history":[{"count":1,"href":"https:\/\/lahora.mx\/index.php\/wp-json\/wp\/v2\/posts\/48099\/revisions"}],"predecessor-version":[{"id":48101,"href":"https:\/\/lahora.mx\/index.php\/wp-json\/wp\/v2\/posts\/48099\/revisions\/48101"}],"wp:featuredmedia":[{"embeddable":true,"href":"https:\/\/lahora.mx\/index.php\/wp-json\/wp\/v2\/media\/48100"}],"wp:attachment":[{"href":"https:\/\/lahora.mx\/index.php\/wp-json\/wp\/v2\/media?parent=48099"}],"wp:term":[{"taxonomy":"category","embeddable":true,"href":"https:\/\/lahora.mx\/index.php\/wp-json\/wp\/v2\/categories?post=48099"},{"taxonomy":"post_tag","embeddable":true,"href":"https:\/\/lahora.mx\/index.php\/wp-json\/wp\/v2\/tags?post=48099"}],"curies":[{"name":"wp","href":"https:\/\/api.w.org\/{rel}","templated":true}]}}