{"id":48096,"date":"2024-06-25T03:30:43","date_gmt":"2024-06-25T03:30:43","guid":{"rendered":"http:\/\/lahora.mx\/?p=48096"},"modified":"2024-06-25T03:30:44","modified_gmt":"2024-06-25T03:30:44","slug":"lopez-obrador-y-sheinbaum-celebran-la-salida-de-prision-de-julian-assange","status":"publish","type":"post","link":"https:\/\/lahora.mx\/index.php\/2024\/06\/25\/lopez-obrador-y-sheinbaum-celebran-la-salida-de-prision-de-julian-assange\/","title":{"rendered":"L\u00f3pez Obrador y Sheinbaum celebran la salida de prisi\u00f3n de Julian Assange"},"content":{"rendered":"\n<p>El presidente Andr\u00e9s Manuel L\u00f3pez Obrador celebr\u00f3 hoy 24 de junio de 2024 la salida de Julian Assange, fundador de WikiLeaks, de prisi\u00f3n, despu\u00e9s de que alcanz\u00f3 un acuerdo con la fiscal\u00eda de Estados Unidos.<\/p>\n\n\n\n<p>En un mensaje en sus redes sociales, el presidente de M\u00e9xico escribi\u00f3:<\/p>\n\n\n\n<p>\u00abCelebro la salida de Julian Assange de la c\u00e1rcel. Cuando menos en este caso, la Estatua de la Libertad no qued\u00f3 como un s\u00edmbolo vac\u00edo; est\u00e1 viva y contenta como millones en el mundo\u00bb, indic\u00f3 en su cuenta de X.<\/p>\n\n\n\n<p>El presidente L\u00f3pez Obrador se hab\u00eda pronunciado en varias ocasiones a favor de que el fundador de WikiLeaks fuera liberado e incluso hab\u00eda solicitado al presidente Joe Biden un indulto.<\/p>\n\n\n\n<p>La presidenta electa de M\u00e9xico, Claudia Sheinbaum, tambi\u00e9n celebr\u00f3 la liberaci\u00f3n del fundador de WikiLeaks, en sus redes sociales escribi\u00f3:<\/p>\n\n\n\n<p>\u00abEl 14 de septiembre de 2022 como jefa de gobierno entregu\u00e9 las llaves de la ciudad a Julian Assange a trav\u00e9s de su familia. Celebramos el d\u00eda de hoy su libertad\u00bb, escribi\u00f3 en su cuenta de X.<\/p>\n\n\n\n<p>L\u00f3pez Obrador ofreci\u00f3 asilo pol\u00edtico a Julian Assange<br>En enero de 2021, el presidente L\u00f3pez Obrador anunci\u00f3 que la Secretar\u00eda de Relaciones Exteriores iniciar\u00eda tr\u00e1mites para ofrecerle asilo pol\u00edtico a Julian Assange, luego de que Reino Unido se neg\u00f3 a extraditar a Estados Unidos al fundador de WikiLeaks.<\/p>\n\n\n\n<p>\u201cFelicitamos a la justicia del Reino Unido por la decisi\u00f3n que se tom\u00f3 hoy. Celebro que en Inglaterra se le haya dado protecci\u00f3n al se\u00f1or Assange, que no se haya autorizado la extradici\u00f3n a Estados Unidos. Creo que es un triunfo de la justicia, porque Assange es un periodista y merece una oportunidad.\u201d<\/p>\n\n\n\n<p>\u201cEstoy a favor de que se le indulte. No s\u00f3lo eso, voy a pedir al secretario de Relaciones Exteriores que haga los tr\u00e1mites correspondientes para que se solicite al gobierno del Reino Unido la posibilidad de que el se\u00f1or Assange quede en libertad y que M\u00e9xico le ofrece asilo pol\u00edtico\u201d, dijo el presidente de M\u00e9xico en aquella ocasi\u00f3n<\/p>\n","protected":false},"excerpt":{"rendered":"<p>El presidente Andr\u00e9s Manuel L\u00f3pez Obrador celebr\u00f3 hoy 24 de junio de 2024 la salida de Julian Assange, fundador de WikiLeaks, de prisi\u00f3n, despu\u00e9s de que alcanz\u00f3 un acuerdo con la fiscal\u00eda de Estados Unidos. En un mensaje en sus redes sociales, el presidente de M\u00e9xico escribi\u00f3: \u00abCelebro la salida de Julian Assange de la [&hellip;]<\/p>\n","protected":false},"author":4,"featured_media":48097,"comment_status":"open","ping_status":"open","sticky":false,"template":"","format":"standard","meta":{"om_disable_all_campaigns":false,"_monsterinsights_skip_tracking":false,"_monsterinsights_sitenote_active":false,"_monsterinsights_sitenote_note":"","_monsterinsights_sitenote_category":0,"footnotes":""},"categories":[176],"tags":[],"class_list":["post-48096","post","type-post","status-publish","format-standard","has-post-thumbnail","hentry","category-nacional"],"amp_enabled":true,"_links":{"self":[{"href":"https:\/\/lahora.mx\/index.php\/wp-json\/wp\/v2\/posts\/48096","targetHints":{"allow":["GET"]}}],"collection":[{"href":"https:\/\/lahora.mx\/index.php\/wp-json\/wp\/v2\/posts"}],"about":[{"href":"https:\/\/lahora.mx\/index.php\/wp-json\/wp\/v2\/types\/post"}],"author":[{"embeddable":true,"href":"https:\/\/lahora.mx\/index.php\/wp-json\/wp\/v2\/users\/4"}],"replies":[{"embeddable":true,"href":"https:\/\/lahora.mx\/index.php\/wp-json\/wp\/v2\/comments?post=48096"}],"version-history":[{"count":1,"href":"https:\/\/lahora.mx\/index.php\/wp-json\/wp\/v2\/posts\/48096\/revisions"}],"predecessor-version":[{"id":48098,"href":"https:\/\/lahora.mx\/index.php\/wp-json\/wp\/v2\/posts\/48096\/revisions\/48098"}],"wp:featuredmedia":[{"embeddable":true,"href":"https:\/\/lahora.mx\/index.php\/wp-json\/wp\/v2\/media\/48097"}],"wp:attachment":[{"href":"https:\/\/lahora.mx\/index.php\/wp-json\/wp\/v2\/media?parent=48096"}],"wp:term":[{"taxonomy":"category","embeddable":true,"href":"https:\/\/lahora.mx\/index.php\/wp-json\/wp\/v2\/categories?post=48096"},{"taxonomy":"post_tag","embeddable":true,"href":"https:\/\/lahora.mx\/index.php\/wp-json\/wp\/v2\/tags?post=48096"}],"curies":[{"name":"wp","href":"https:\/\/api.w.org\/{rel}","templated":true}]}}