{"id":48087,"date":"2024-06-24T23:30:43","date_gmt":"2024-06-24T23:30:43","guid":{"rendered":"http:\/\/lahora.mx\/?p=48087"},"modified":"2024-06-25T03:18:28","modified_gmt":"2024-06-25T03:18:28","slug":"alejandro-armenta-presenta-a-los-integrantes-de-las-comisiones-de-transicion","status":"publish","type":"post","link":"https:\/\/lahora.mx\/index.php\/2024\/06\/24\/alejandro-armenta-presenta-a-los-integrantes-de-las-comisiones-de-transicion\/","title":{"rendered":"Alejandro Armenta presenta a los integrantes de las comisiones de transici\u00f3n"},"content":{"rendered":"\n<p>Silvia Tan\u00fas Osorio, Jos\u00e9 Luis Garc\u00eda Parra y Norma Lay\u00f3n Aar\u00fan, son algunos de los integrantes de las comisiones de transici\u00f3n del gobernador electo, Alejandro Armenta Mier, quien adelant\u00f3 que el pr\u00f3ximo lunes presentar\u00e1 algunos de los perfiles que formar\u00e1n parte de su gabinete.<\/p>\n\n\n\n<p>En la Comisi\u00f3n de Gobernaci\u00f3n y Seguridad P\u00fablica el coordinador ser\u00e1 Samuel Aguilar Pala y los secretarios t\u00e9cnicos los siguientes:<\/p>\n\n\n\n<p>Jorge M\u00e9ndez Guillen<br>Ailyn Toledo Montiel<br>Emma Itzel Jim\u00e9nez Ponce<br>Luis \u00c1ngel Carrasco Gazca<br>Norma Lay\u00f3n Aar\u00fan<\/p>\n\n\n\n<p>Para la Oficina del Ejecutivo el coordinador es Jos\u00e9 Luis Garc\u00eda Parra y los secretarios:<\/p>\n\n\n\n<p>Ram\u00f3n Montes Barreto<br>Claudia Hern\u00e1ndez Medina<br>Alejandro Espidio S\u00e1nchez<br>\u00c1ngel P\u00e9rez Portada<br>Araceli Casel\u00edn Espinoza<br>Leer m\u00e1s: Alejandro Armenta buscar\u00e1 que el Congreso apruebe la figura del diputado migrante<\/p>\n\n\n\n<p>En la Comisi\u00f3n de Econom\u00eda, Trabajo, Desarrollo Rural y Turismo el coordinador ser\u00e1 el expriista V\u00edctor Gabriel Chedraui y los secretarios:<\/p>\n\n\n\n<p>Patricia Ortiz Moreno<br>Omar Diaz Abascal<br>Pablo Salazar Vicentello<br>Abraham Quiroz Palacios<br>Daphne Gaspar Santamar\u00eda<br>Carlos M\u00e1rquez<br>En la Comisi\u00f3n de Salud, Educaci\u00f3n y Bienestar la coordinadora ser\u00e1 Marisol Amieva Zamora y los secretarios:<\/p>\n\n\n\n<p>Carlos Alberto Pacheco Olivier<br>Jorge David Gonzalez Garc\u00eda<br>Antonio Medina Ramirez<br>M\u00f3nica Barrientos S\u00e1nchez<br>Gabriela, La Bonita S\u00e1nchez<br>Michelle Talavera Herrera<br>Para la Comisi\u00f3n de Infraestructura Movilidad y Medio Ambiente la coordinadora es Rebeca Ba\u00f1uelos Guadarrama y los secretarios:<\/p>\n\n\n\n<p>Carlos Ochoa Rodr\u00edguez<br>R\u00f3mulo Arredondo Contreras<br>Manuel Contreras de los Santos<br>Alexa Espidio S\u00e1nchez<br>Ana Isabel Fern\u00e1ndez Hernandez<\/p>\n\n\n\n<p>En Finanzas, Administraci\u00f3n y Funci\u00f3n P\u00fablica est\u00e1 pendiente por definirse al coordinador, pero los secretarios t\u00e9cnicos son:<\/p>\n\n\n\n<p>Hugo Dominguez Amado<br>Silvia Tan\u00fas Ososrio<br>Karla Lucas Martinez<br>Sandy Guadalupe Garc\u00eda Trueba<br>En la Comisi\u00f3n de Cultura e Igualdad la coordinadora es Celina Pe\u00f1a y los secretarios:<\/p>\n\n\n\n<p>Marijose Farf\u00e1n Ortega<br>Edurne Ochoa<br>Silvia Ladr\u00f3n de Guevara<br>En la misma rueda de prensa, Alejandro Armenta aclar\u00f3 que, los integrantes de las comisiones no necesariamente formar\u00e1n parte de su gabinete, mismo que estar\u00e1 conformado en un 51 por ciento con mujeres y 49 por ciento de hombres.<\/p>\n\n\n\n<p>No te pierdas: Armenta y Barroso sostienen reuni\u00f3n con empresarios en Tehuac\u00e1n<br>Por ello, hizo un llamado a los perfiles, para no adelantarse en la carrera porque pueden quedarse fuera, debido a que todav\u00eda se valoran los perfiles.<\/p>\n\n\n\n<p>Al mismo tiempo, dej\u00f3 entrever que, aquellas personas que lo apoyaron cuando se sum\u00f3 a Morena, est\u00e1n contemplados para formar parte de su equipo en la pr\u00f3xima administraci\u00f3n estatal.<\/p>\n\n\n\n<p>Alejandro Armenta reiter\u00f3 que estar\u00e1 acompa\u00f1ado de personas que aman a Puebla y tienen vocaci\u00f3n de servir, al tiempo de recordar que no tolerar\u00e1 gente que solo busca el cargo para beneficiarse.<\/p>\n","protected":false},"excerpt":{"rendered":"<p>Silvia Tan\u00fas Osorio, Jos\u00e9 Luis Garc\u00eda Parra y Norma Lay\u00f3n Aar\u00fan, son algunos de los integrantes de las comisiones de transici\u00f3n del gobernador electo, Alejandro Armenta Mier, quien adelant\u00f3 que el pr\u00f3ximo lunes presentar\u00e1 algunos de los perfiles que formar\u00e1n parte de su gabinete. En la Comisi\u00f3n de Gobernaci\u00f3n y Seguridad P\u00fablica el coordinador ser\u00e1 [&hellip;]<\/p>\n","protected":false},"author":4,"featured_media":48088,"comment_status":"open","ping_status":"open","sticky":false,"template":"","format":"standard","meta":{"om_disable_all_campaigns":false,"_monsterinsights_skip_tracking":false,"_monsterinsights_sitenote_active":false,"_monsterinsights_sitenote_note":"","_monsterinsights_sitenote_category":0,"footnotes":""},"categories":[175],"tags":[195,223],"class_list":["post-48087","post","type-post","status-publish","format-standard","has-post-thumbnail","hentry","category-local","tag-principal","tag-puebla"],"amp_enabled":true,"_links":{"self":[{"href":"https:\/\/lahora.mx\/index.php\/wp-json\/wp\/v2\/posts\/48087","targetHints":{"allow":["GET"]}}],"collection":[{"href":"https:\/\/lahora.mx\/index.php\/wp-json\/wp\/v2\/posts"}],"about":[{"href":"https:\/\/lahora.mx\/index.php\/wp-json\/wp\/v2\/types\/post"}],"author":[{"embeddable":true,"href":"https:\/\/lahora.mx\/index.php\/wp-json\/wp\/v2\/users\/4"}],"replies":[{"embeddable":true,"href":"https:\/\/lahora.mx\/index.php\/wp-json\/wp\/v2\/comments?post=48087"}],"version-history":[{"count":1,"href":"https:\/\/lahora.mx\/index.php\/wp-json\/wp\/v2\/posts\/48087\/revisions"}],"predecessor-version":[{"id":48089,"href":"https:\/\/lahora.mx\/index.php\/wp-json\/wp\/v2\/posts\/48087\/revisions\/48089"}],"wp:featuredmedia":[{"embeddable":true,"href":"https:\/\/lahora.mx\/index.php\/wp-json\/wp\/v2\/media\/48088"}],"wp:attachment":[{"href":"https:\/\/lahora.mx\/index.php\/wp-json\/wp\/v2\/media?parent=48087"}],"wp:term":[{"taxonomy":"category","embeddable":true,"href":"https:\/\/lahora.mx\/index.php\/wp-json\/wp\/v2\/categories?post=48087"},{"taxonomy":"post_tag","embeddable":true,"href":"https:\/\/lahora.mx\/index.php\/wp-json\/wp\/v2\/tags?post=48087"}],"curies":[{"name":"wp","href":"https:\/\/api.w.org\/{rel}","templated":true}]}}