{"id":48084,"date":"2024-06-24T23:25:55","date_gmt":"2024-06-24T23:25:55","guid":{"rendered":"http:\/\/lahora.mx\/?p=48084"},"modified":"2024-06-24T23:25:55","modified_gmt":"2024-06-24T23:25:55","slug":"mas-de-50-abogados-bloquean-jfca-rechazan-traslado-de-operaciones-a-tlaxcala-y-oaxaca","status":"publish","type":"post","link":"https:\/\/lahora.mx\/index.php\/2024\/06\/24\/mas-de-50-abogados-bloquean-jfca-rechazan-traslado-de-operaciones-a-tlaxcala-y-oaxaca\/","title":{"rendered":"M\u00e1s de 50 Abogados bloquean JFCA, rechazan traslado de operaciones a Tlaxcala y Oaxaca"},"content":{"rendered":"\n<p>M\u00e1s de 50 abogados y trabajadores de la Junta Federal de Conciliaci\u00f3n y Arbitraje (JFCA) de la Secretar\u00eda de Trabajo y Previsi\u00f3n Social (STPS) cerraron las calles 29 y 31 Sur, donde se encuentra el inmueble, ya que aseguraron no llegaron a un acuerdo con autoridades federales para que las operaciones y documentos del sitio no se trasladen a Tlaxcala y Oaxaca.<\/p>\n\n\n\n<p>A modo de protesta este 24 de junio, poco despu\u00e9s de las 9:30 horas, m\u00e1s de 50 abogados litigantes bloquearon las calles referidas con pancartas y consignas como \u00abCierre no, derecho laboral s\u00ed\u00bb, \u00abNo al cierre, no al cierre\u201d.<\/p>\n\n\n\n<p>En entrevista, la abogada Abigail Luna se\u00f1al\u00f3 que el viernes 21 de junio sostuvieron una mesa de di\u00e1logo con la Secretar\u00eda de Gobernaci\u00f3n (Segob) y un represente de la federaci\u00f3n, sin embargo, no se lleg\u00f3 a un acuerdo para que las oficinas no se trasladen a otro punto.<\/p>\n\n\n\n<p>Reiter\u00f3 que lo \u00fanico que piden es se concluyan los juicios pendientes de trabajadores que piden pago de pensiones y soluci\u00f3n a demandas por despidos injustificados contra empresas como Comisi\u00f3n Federal de Electricidad (CFE), Audi, Volkswagen, Instituto Mexicano del Seguro Social (IMSS), Petr\u00f3leos Mexicanos (Pemex), entre otras m\u00e1s del \u00e1mbito federal.<\/p>\n\n\n\n<p>Hay casos sin resolverse desde hace 7 a\u00f1os<br>Jos\u00e9 Luis Hern\u00e1ndez tienen un caso sin resolverse desde hace siete a\u00f1os debido a que la empresa de Volkswagen no quiere validarle una incapacidad por invalidez total. En entrevista se\u00f1al\u00f3 que el trasladar la Junta Federal de Conciliaci\u00f3n a Tlaxcala y Oaxaca, representar\u00e1 un gasto de hasta 5 mil pesos en vi\u00e1ticos como transporte, comidas y hospedaje.<\/p>\n\n\n\n<p>Otro caso es el de Jos\u00e9 David Rojas, originario de Ciudad Serd\u00e1n, quien expuso lleva cuatro a\u00f1os demandado una incapacidad contra la empresa de \u00abSuministros de materiales para construcci\u00f3n, Gapsa\u00bb, ubicada en Mazatepec de Ju\u00e1rez.<\/p>\n\n\n\n<p>Dijo que se accident\u00f3 en la empresa donde trabajaba, ya que se encargaba de cargar materiales pesados, sin embargo, nunca le validaron su incapacidad, por lo que promovi\u00f3 un juicio. Lament\u00f3 que la JFCA se traslade a otra entidad, ya que representar\u00e1 una violaci\u00f3n a sus derechos y falta de justicia, ya que su asunto podr\u00eda quedar en el olvido.<\/p>\n\n\n\n<p>Suprimen juntas especiales de JFCA; adscriben oficinas auxiliares<\/p>\n\n\n\n<p>El 17 de junio se public\u00f3 en el Diario Oficial de la Federaci\u00f3n (DOF) un acuerdo en el que se iban a suprimir las juntas especiales de la JFCA y el cambio de adscripci\u00f3n de una oficina auxiliar.<\/p>\n\n\n\n<p>\u201cSe suprimen las Juntas Especiales n\u00famero 33 con residencia en Puebla, en el estado de Puebla; 39 con residencia en Tampico, en el estado de Tamaulipas; y 42 con residencia en Torre\u00f3n, en el estado de Coahuila\u201d, se lee en el documento.<\/p>\n\n\n\n<p>Se estableci\u00f3 que los asuntos que se encuentren en tr\u00e1mite, en fase de instrucci\u00f3n, en la Junta Especial de Puebla, ser\u00e1n tramitados hasta su total conclusi\u00f3n en la Junta Especial n\u00famero 46 con residencia en Tlaxcala, Tlaxcala, ubicada en avenida Independencia s\/n, kil\u00f3metro 105 carretera Tlaxcala-Puebla, Edificio SELAFE, colonia Centro.<\/p>\n\n\n\n<p>Mientras que los asuntos que se encuentren en tr\u00e1mite, en fase de dictamen, laudo, ejecuci\u00f3n y amparo, ser\u00e1n tramitados hasta su conclusi\u00f3n en la Junta Especial n\u00famero 32 con residencia en Oaxaca, en Oaxaca, ubicada en La Carbonera 902, esquina con Gonz\u00e1lez Ortega, Edificio SELAFE, colonia Barrio de la Trinidad de las Huertas.<\/p>\n","protected":false},"excerpt":{"rendered":"<p>M\u00e1s de 50 abogados y trabajadores de la Junta Federal de Conciliaci\u00f3n y Arbitraje (JFCA) de la Secretar\u00eda de Trabajo y Previsi\u00f3n Social (STPS) cerraron las calles 29 y 31 Sur, donde se encuentra el inmueble, ya que aseguraron no llegaron a un acuerdo con autoridades federales para que las operaciones y documentos del sitio [&hellip;]<\/p>\n","protected":false},"author":4,"featured_media":48085,"comment_status":"open","ping_status":"open","sticky":false,"template":"","format":"standard","meta":{"om_disable_all_campaigns":false,"_monsterinsights_skip_tracking":false,"_monsterinsights_sitenote_active":false,"_monsterinsights_sitenote_note":"","_monsterinsights_sitenote_category":0,"footnotes":""},"categories":[175],"tags":[223,210],"class_list":["post-48084","post","type-post","status-publish","format-standard","has-post-thumbnail","hentry","category-local","tag-puebla","tag-tlaxcala"],"amp_enabled":true,"_links":{"self":[{"href":"https:\/\/lahora.mx\/index.php\/wp-json\/wp\/v2\/posts\/48084","targetHints":{"allow":["GET"]}}],"collection":[{"href":"https:\/\/lahora.mx\/index.php\/wp-json\/wp\/v2\/posts"}],"about":[{"href":"https:\/\/lahora.mx\/index.php\/wp-json\/wp\/v2\/types\/post"}],"author":[{"embeddable":true,"href":"https:\/\/lahora.mx\/index.php\/wp-json\/wp\/v2\/users\/4"}],"replies":[{"embeddable":true,"href":"https:\/\/lahora.mx\/index.php\/wp-json\/wp\/v2\/comments?post=48084"}],"version-history":[{"count":1,"href":"https:\/\/lahora.mx\/index.php\/wp-json\/wp\/v2\/posts\/48084\/revisions"}],"predecessor-version":[{"id":48086,"href":"https:\/\/lahora.mx\/index.php\/wp-json\/wp\/v2\/posts\/48084\/revisions\/48086"}],"wp:featuredmedia":[{"embeddable":true,"href":"https:\/\/lahora.mx\/index.php\/wp-json\/wp\/v2\/media\/48085"}],"wp:attachment":[{"href":"https:\/\/lahora.mx\/index.php\/wp-json\/wp\/v2\/media?parent=48084"}],"wp:term":[{"taxonomy":"category","embeddable":true,"href":"https:\/\/lahora.mx\/index.php\/wp-json\/wp\/v2\/categories?post=48084"},{"taxonomy":"post_tag","embeddable":true,"href":"https:\/\/lahora.mx\/index.php\/wp-json\/wp\/v2\/tags?post=48084"}],"curies":[{"name":"wp","href":"https:\/\/api.w.org\/{rel}","templated":true}]}}