{"id":48072,"date":"2024-06-24T22:50:57","date_gmt":"2024-06-24T22:50:57","guid":{"rendered":"http:\/\/lahora.mx\/?p=48072"},"modified":"2024-06-24T22:50:58","modified_gmt":"2024-06-24T22:50:58","slug":"integraran-gabinete-de-armenta-51-de-mujeres-aquellos-que-amen-a-puebla-y-no-quieran-hacer-negocios","status":"publish","type":"post","link":"https:\/\/lahora.mx\/index.php\/2024\/06\/24\/integraran-gabinete-de-armenta-51-de-mujeres-aquellos-que-amen-a-puebla-y-no-quieran-hacer-negocios\/","title":{"rendered":"Integrar\u00e1n gabinete de Armenta: 51% de mujeres, aquellos que amen a Puebla y no quieran hacer negocios"},"content":{"rendered":"\n<p>El pr\u00f3ximo lunes, Alejandro Armenta, gobernador electo de Puebla, presentar\u00e1 a los primeros integrantes de su gabinete, adelantando que estar\u00e1 conformado por el 51 por ciento de mujeres, perfiles que se incorporaron a Morena en 2017 junto con \u00e9l, as\u00ed como personas que amen al estado y no busquen hacer negocio ser\u00e1n considerados.<\/p>\n\n\n\n<p>En rueda de prensa, Armenta Mier refiri\u00f3 que en su administraci\u00f3n ser\u00e1 como requisito indispensable la lealtad, por lo que cada uno de los perfiles deber\u00e1 tener amor a Puebla.<\/p>\n\n\n\n<p>El morenista apunt\u00f3 que el pr\u00f3ximo lunes dar\u00e1 a conocer los primeros nombramientos.<\/p>\n\n\n\n<p>\u201cTengo que valorar honestidad, amor a Puebla, dedicaci\u00f3n, capacidades elementales y lealtad, porque s\u00ed tiene que haber. Imag\u00ednense un secretario que no comparta conmigo el proyecto(\u2026) cuando llegue a Morena en 2017 \u00e9ramos cuatro o cinco, a esos ap\u00fantenlos de entrada, los que me acompa\u00f1aron en 2017, los que decimos estar del lado correcto de la historia, a esos s\u00ed ap\u00fantenlos, los dem\u00e1s qui\u00e9n sabe\u201d.<\/p>\n\n\n\n<p>Armenta Mier record\u00f3 que seguir\u00e1 la pauta de la presidenta electa, Claudia Sheinbaum, para designar \u00e1reas afines a las ya presentadas por ella.<\/p>\n\n\n\n<p>\u201cVamos a empatar las propuestas de la doctora, y en ese mismo sentido nombrar\u00e9 el lunes para la Secretar\u00eda de la Tecnolog\u00eda, que vamos a crear, la Universidad de la Tecnolog\u00eda y la Sustentabilidad\u201d.<\/p>\n\n\n\n<p>De igual forma, llam\u00f3 a aquellos que se integren a que no \u201cquieran hacer negocios\u201d porque la corrupci\u00f3n no estar\u00e1 permitida en su administraci\u00f3n.<\/p>\n","protected":false},"excerpt":{"rendered":"<p>El pr\u00f3ximo lunes, Alejandro Armenta, gobernador electo de Puebla, presentar\u00e1 a los primeros integrantes de su gabinete, adelantando que estar\u00e1 conformado por el 51 por ciento de mujeres, perfiles que se incorporaron a Morena en 2017 junto con \u00e9l, as\u00ed como personas que amen al estado y no busquen hacer negocio ser\u00e1n considerados. En rueda [&hellip;]<\/p>\n","protected":false},"author":4,"featured_media":48073,"comment_status":"open","ping_status":"open","sticky":false,"template":"","format":"standard","meta":{"om_disable_all_campaigns":false,"_monsterinsights_skip_tracking":false,"_monsterinsights_sitenote_active":false,"_monsterinsights_sitenote_note":"","_monsterinsights_sitenote_category":0,"footnotes":""},"categories":[175],"tags":[223],"class_list":["post-48072","post","type-post","status-publish","format-standard","has-post-thumbnail","hentry","category-local","tag-puebla"],"amp_enabled":true,"_links":{"self":[{"href":"https:\/\/lahora.mx\/index.php\/wp-json\/wp\/v2\/posts\/48072","targetHints":{"allow":["GET"]}}],"collection":[{"href":"https:\/\/lahora.mx\/index.php\/wp-json\/wp\/v2\/posts"}],"about":[{"href":"https:\/\/lahora.mx\/index.php\/wp-json\/wp\/v2\/types\/post"}],"author":[{"embeddable":true,"href":"https:\/\/lahora.mx\/index.php\/wp-json\/wp\/v2\/users\/4"}],"replies":[{"embeddable":true,"href":"https:\/\/lahora.mx\/index.php\/wp-json\/wp\/v2\/comments?post=48072"}],"version-history":[{"count":1,"href":"https:\/\/lahora.mx\/index.php\/wp-json\/wp\/v2\/posts\/48072\/revisions"}],"predecessor-version":[{"id":48074,"href":"https:\/\/lahora.mx\/index.php\/wp-json\/wp\/v2\/posts\/48072\/revisions\/48074"}],"wp:featuredmedia":[{"embeddable":true,"href":"https:\/\/lahora.mx\/index.php\/wp-json\/wp\/v2\/media\/48073"}],"wp:attachment":[{"href":"https:\/\/lahora.mx\/index.php\/wp-json\/wp\/v2\/media?parent=48072"}],"wp:term":[{"taxonomy":"category","embeddable":true,"href":"https:\/\/lahora.mx\/index.php\/wp-json\/wp\/v2\/categories?post=48072"},{"taxonomy":"post_tag","embeddable":true,"href":"https:\/\/lahora.mx\/index.php\/wp-json\/wp\/v2\/tags?post=48072"}],"curies":[{"name":"wp","href":"https:\/\/api.w.org\/{rel}","templated":true}]}}