{"id":48069,"date":"2024-06-24T21:05:44","date_gmt":"2024-06-24T21:05:44","guid":{"rendered":"http:\/\/lahora.mx\/?p=48069"},"modified":"2024-06-24T21:05:44","modified_gmt":"2024-06-24T21:05:44","slug":"princesa-ana-de-inglaterra-hospitalizada-por-incidente-en-caballerias","status":"publish","type":"post","link":"https:\/\/lahora.mx\/index.php\/2024\/06\/24\/princesa-ana-de-inglaterra-hospitalizada-por-incidente-en-caballerias\/","title":{"rendered":"Princesa Ana de Inglaterra, hospitalizada por incidente en caballer\u00edas"},"content":{"rendered":"\n<p>La princesa Ana, hermana del rey Carlos III de Inglaterra, sufri\u00f3 una conmoci\u00f3n cerebral y heridas leves debido a un incidente que sucedi\u00f3 en las fincas de su hogar, presuntamente con un caballo del sitio, por lo que se le traslad\u00f3 al Hospital de Southmead, Bristol, para su atenci\u00f3n m\u00e9dica, inform\u00f3 el palacio de Buckingham, durante la madrugada de este 24 de junio.<\/p>\n\n\n\n<p>De acuerdo con informaci\u00f3n que comparti\u00f3 una fuente del palacio real a CNN y el comunicado oficial, el incidente de la princesa Ana sucedi\u00f3 ayer domingo, cuando ella caminaba por la finca de su domicilio en Gatcombe Park, ah\u00ed se presume un equino la golpe\u00f3 o sufri\u00f3 una ca\u00edda.<br>La informaci\u00f3n que liber\u00f3 la casa real se\u00f1al\u00f3 que Ana \u201cpermanece ingresada en el hospital (\u2026) como medida de precauci\u00f3n para su observaci\u00f3n y se espera que se recupere completa y r\u00e1pidamente (\u2026) el rey ha sido mantenido informado de cerca\u201d.<\/p>\n\n\n\n<p>Aunque no hay una versi\u00f3n oficial sobre el suceso que origin\u00f3 la hospitalizaci\u00f3n de la integrante de la familia real, el equipo de la princesa inglesa se\u00f1al\u00f3 que sus heridas son compatibles con \u201cun posible impacto en la cabeza o las patas de un caballo\u201d.<\/p>\n\n\n\n<p>Princesa Ana de Inglaterra, hospitalizada por incidente en caballer\u00edas<br>\u00bfQui\u00e9n es la princesa Ana?<br>La princesa Ana, conocida como la preincsa trabajadora, es la segunda hija de los hoy occisos reina Isabel II y pr\u00edncipe Felipe. Naci\u00f3 el 15 de agosto de 1950, por lo que tiene 73 a\u00f1os; ocupa el decimos\u00e9ptimo puesto en la l\u00ednea de sucesi\u00f3n al trono brit\u00e1nico.<\/p>\n\n\n\n<p>Luego de que diagnosticaran al rey Carlos III con c\u00e1ncer, Ana asumi\u00f3 mayores responsabilidades relacionadas con el quehacer real, aunque el palacio de Buckingham inform\u00f3 que cesar\u00e1 sus actividades durante esta semana, mientras se recupera del incidente.<\/p>\n","protected":false},"excerpt":{"rendered":"<p>La princesa Ana, hermana del rey Carlos III de Inglaterra, sufri\u00f3 una conmoci\u00f3n cerebral y heridas leves debido a un incidente que sucedi\u00f3 en las fincas de su hogar, presuntamente con un caballo del sitio, por lo que se le traslad\u00f3 al Hospital de Southmead, Bristol, para su atenci\u00f3n m\u00e9dica, inform\u00f3 el palacio de Buckingham, [&hellip;]<\/p>\n","protected":false},"author":4,"featured_media":48070,"comment_status":"open","ping_status":"open","sticky":false,"template":"","format":"standard","meta":{"om_disable_all_campaigns":false,"_monsterinsights_skip_tracking":false,"_monsterinsights_sitenote_active":false,"_monsterinsights_sitenote_note":"","_monsterinsights_sitenote_category":0,"footnotes":""},"categories":[183],"tags":[],"class_list":["post-48069","post","type-post","status-publish","format-standard","has-post-thumbnail","hentry","category-internacional"],"amp_enabled":true,"_links":{"self":[{"href":"https:\/\/lahora.mx\/index.php\/wp-json\/wp\/v2\/posts\/48069","targetHints":{"allow":["GET"]}}],"collection":[{"href":"https:\/\/lahora.mx\/index.php\/wp-json\/wp\/v2\/posts"}],"about":[{"href":"https:\/\/lahora.mx\/index.php\/wp-json\/wp\/v2\/types\/post"}],"author":[{"embeddable":true,"href":"https:\/\/lahora.mx\/index.php\/wp-json\/wp\/v2\/users\/4"}],"replies":[{"embeddable":true,"href":"https:\/\/lahora.mx\/index.php\/wp-json\/wp\/v2\/comments?post=48069"}],"version-history":[{"count":1,"href":"https:\/\/lahora.mx\/index.php\/wp-json\/wp\/v2\/posts\/48069\/revisions"}],"predecessor-version":[{"id":48071,"href":"https:\/\/lahora.mx\/index.php\/wp-json\/wp\/v2\/posts\/48069\/revisions\/48071"}],"wp:featuredmedia":[{"embeddable":true,"href":"https:\/\/lahora.mx\/index.php\/wp-json\/wp\/v2\/media\/48070"}],"wp:attachment":[{"href":"https:\/\/lahora.mx\/index.php\/wp-json\/wp\/v2\/media?parent=48069"}],"wp:term":[{"taxonomy":"category","embeddable":true,"href":"https:\/\/lahora.mx\/index.php\/wp-json\/wp\/v2\/categories?post=48069"},{"taxonomy":"post_tag","embeddable":true,"href":"https:\/\/lahora.mx\/index.php\/wp-json\/wp\/v2\/tags?post=48069"}],"curies":[{"name":"wp","href":"https:\/\/api.w.org\/{rel}","templated":true}]}}