{"id":48066,"date":"2024-06-24T19:20:11","date_gmt":"2024-06-24T19:20:11","guid":{"rendered":"http:\/\/lahora.mx\/?p=48066"},"modified":"2024-06-24T19:20:12","modified_gmt":"2024-06-24T19:20:12","slug":"armenta-proteccion-total-para-migrantes-y-justicia-en-cobros-por-inversiones-en-mexico","status":"publish","type":"post","link":"https:\/\/lahora.mx\/index.php\/2024\/06\/24\/armenta-proteccion-total-para-migrantes-y-justicia-en-cobros-por-inversiones-en-mexico\/","title":{"rendered":"Armenta: protecci\u00f3n total para migrantes y justicia en cobros por inversiones en M\u00e9xico"},"content":{"rendered":"\n<p>Alejandro Armenta, Gobernador electo, indic\u00f3 que fue una gira exitosa. En el tema de la participaci\u00f3n pol\u00edtica, se plante\u00f3 la necesidad de que los poblanos que viven fuera de M\u00e9xico puedan ejercer plenamente sus derechos pol\u00edticos, incluyendo el derecho a votar y ser votados, aun sin residir en territorio poblano. Mencion\u00f3 la presentaci\u00f3n de una iniciativa para normalizar estos derechos.<\/p>\n\n\n\n<p>En el tema de la participaci\u00f3n econ\u00f3mica, Armenta mencion\u00f3 que, adem\u00e1s de enviar remesas, se destaca que los poblanos en el exterior desean participar activamente en la econom\u00eda de M\u00e9xico. Sugiri\u00f3 que no solo deben ser vistos como proveedores, sino como actores importantes que pueden contribuir de manera m\u00e1s amplia al desarrollo de Puebla y del pa\u00eds.<\/p>\n\n\n\n<p>Destac\u00f3 la instalaci\u00f3n de un centro de negocios en Puebla dirigido a migrantes. Mencion\u00f3 que este centro se establecer\u00e1 con las inversiones planeadas por varias c\u00e1maras de comercio estadounidenses y otras entidades interesadas en proyectos espec\u00edficos como f\u00e1bricas de paneles solares, el Banco de la Mujer, m\u00f3dulos de agroparques y la Agencia Estatal de Turismo Comunitario. \u00abReactivar la econom\u00eda poblana y vincularlos al Tren Interoce\u00e1nico, con las rutas comerciales, tiene que ver con la visi\u00f3n de desarrollo end\u00f3geno\u00bb, asegur\u00f3 Armenta.<\/p>\n\n\n\n<p>Mencion\u00f3 que tanto los c\u00f3nsules de Nueva York como de New Jersey se comprometieron en la reactivaci\u00f3n del vuelo Puebla-Nueva York. Anunci\u00f3 que el d\u00eda 14 de diciembre, el mismo d\u00eda que tomar\u00e1 protesta, se firmar\u00e1 un convenio de colaboraci\u00f3n con una universidad importante de New Jersey. \u201cEste convenio tiene como objetivo apoyar a la comunidad migrante, en particular a los hijos de poblanos\u201d.<\/p>\n\n\n\n<p>El gobernador electo inform\u00f3 que estar\u00e1 en Nueva York los d\u00edas 15, 16 y 17 de septiembre, donde se dar\u00e1 a conocer un plan de negocios para que las inversiones tengan certeza jur\u00eddica y financiera. Asimismo, se realizar\u00e1 un foro para definir el papel de Mi Casa es Puebla y que los servicios se ampl\u00eden en funci\u00f3n de las necesidades de los migrantes.<\/p>\n","protected":false},"excerpt":{"rendered":"<p>Alejandro Armenta, Gobernador electo, indic\u00f3 que fue una gira exitosa. En el tema de la participaci\u00f3n pol\u00edtica, se plante\u00f3 la necesidad de que los poblanos que viven fuera de M\u00e9xico puedan ejercer plenamente sus derechos pol\u00edticos, incluyendo el derecho a votar y ser votados, aun sin residir en territorio poblano. Mencion\u00f3 la presentaci\u00f3n de una [&hellip;]<\/p>\n","protected":false},"author":4,"featured_media":48067,"comment_status":"open","ping_status":"open","sticky":false,"template":"","format":"standard","meta":{"om_disable_all_campaigns":false,"_monsterinsights_skip_tracking":false,"_monsterinsights_sitenote_active":false,"_monsterinsights_sitenote_note":"","_monsterinsights_sitenote_category":0,"footnotes":""},"categories":[175],"tags":[223],"class_list":["post-48066","post","type-post","status-publish","format-standard","has-post-thumbnail","hentry","category-local","tag-puebla"],"amp_enabled":true,"_links":{"self":[{"href":"https:\/\/lahora.mx\/index.php\/wp-json\/wp\/v2\/posts\/48066","targetHints":{"allow":["GET"]}}],"collection":[{"href":"https:\/\/lahora.mx\/index.php\/wp-json\/wp\/v2\/posts"}],"about":[{"href":"https:\/\/lahora.mx\/index.php\/wp-json\/wp\/v2\/types\/post"}],"author":[{"embeddable":true,"href":"https:\/\/lahora.mx\/index.php\/wp-json\/wp\/v2\/users\/4"}],"replies":[{"embeddable":true,"href":"https:\/\/lahora.mx\/index.php\/wp-json\/wp\/v2\/comments?post=48066"}],"version-history":[{"count":1,"href":"https:\/\/lahora.mx\/index.php\/wp-json\/wp\/v2\/posts\/48066\/revisions"}],"predecessor-version":[{"id":48068,"href":"https:\/\/lahora.mx\/index.php\/wp-json\/wp\/v2\/posts\/48066\/revisions\/48068"}],"wp:featuredmedia":[{"embeddable":true,"href":"https:\/\/lahora.mx\/index.php\/wp-json\/wp\/v2\/media\/48067"}],"wp:attachment":[{"href":"https:\/\/lahora.mx\/index.php\/wp-json\/wp\/v2\/media?parent=48066"}],"wp:term":[{"taxonomy":"category","embeddable":true,"href":"https:\/\/lahora.mx\/index.php\/wp-json\/wp\/v2\/categories?post=48066"},{"taxonomy":"post_tag","embeddable":true,"href":"https:\/\/lahora.mx\/index.php\/wp-json\/wp\/v2\/tags?post=48066"}],"curies":[{"name":"wp","href":"https:\/\/api.w.org\/{rel}","templated":true}]}}