{"id":48063,"date":"2024-06-24T18:20:58","date_gmt":"2024-06-24T18:20:58","guid":{"rendered":"http:\/\/lahora.mx\/?p=48063"},"modified":"2024-06-24T18:20:59","modified_gmt":"2024-06-24T18:20:59","slug":"inflacion-anual-en-mexico-al-alza-sube-4-78-en-junio","status":"publish","type":"post","link":"https:\/\/lahora.mx\/index.php\/2024\/06\/24\/inflacion-anual-en-mexico-al-alza-sube-4-78-en-junio\/","title":{"rendered":"Inflaci\u00f3n anual en M\u00e9xico al alza: sube 4.78% en Junio"},"content":{"rendered":"\n<p>En la primera semana de junio la inflaci\u00f3n general anual aument\u00f3 0.21 por ciento en comparaci\u00f3n con mayo, de acuerdo con el \u00cdndice Nacional de Precios al Consumidor (INPC) del Instituto Nacional de Estad\u00edstica y Geograf\u00eda (INEGI).<\/p>\n\n\n\n<p>El INPC se ubic\u00f3 en un 4.78 por ciento, mientras que la anual fue de 5.18 por ciento; el \u00edndice de precios subyacente increment\u00f3 0.17 por ciento a tasa quincenal, y el 4.17 por ciento tasa anual.<\/p>\n\n\n\n<p>Respecto al \u00edndice de precios no subyacente, \u00e9ste tuvo aumento de 0.34 por ciento quincenal y el 6.73 por ciento a tasa anual.<br>El \u00edndice subyacente a tasa quincenal, provoc\u00f3 que los precios de las mercanc\u00edas crecieran a 0.19 por ciento, y los servicios a 0.14 por ciento.<\/p>\n\n\n\n<p>Finalmente, el \u00edndice no subyacente, tambi\u00e9n a tasa quincenal, los precios de los productos agropecuarios subieron 0.56 por ciento, y los de energ\u00e9ticos y tarifas autorizadas por el gobierno fue del 0.13 por ciento.<\/p>\n\n\n\n<p>\u00bfQu\u00e9 productos y servicios aumentaron o bajaron de precio por la inflaci\u00f3n?<br>De acuerdo con la lista compartida por el INEGI, los siguientes productos y servicios tuvieron aumento de precio por la inflaci\u00f3n:<br>Chayote<br>Naranja<br>Pl\u00e1tanos<br>Otras verduras y legumbres<br>Lechuga y col<br>Aguacate<br>Vivienda propia<br>Servicios tur\u00edsticos en paquete<br>Transporte a\u00e9reo<br>Calabacita<br>Mientras los que estuvieron con precios a la baja son:<\/p>\n\n\n\n<p>Jitomate<br>Chile serrano<br>Paquetes de internet, telefon\u00eda y televisi\u00f3n de paga<br>Uva<br>Huevo<br>Otros chiles frescos<br>Cebolla<br>Chile poblano<br>Lim\u00f3n<br>Tomate verde<\/p>\n","protected":false},"excerpt":{"rendered":"<p>En la primera semana de junio la inflaci\u00f3n general anual aument\u00f3 0.21 por ciento en comparaci\u00f3n con mayo, de acuerdo con el \u00cdndice Nacional de Precios al Consumidor (INPC) del Instituto Nacional de Estad\u00edstica y Geograf\u00eda (INEGI). El INPC se ubic\u00f3 en un 4.78 por ciento, mientras que la anual fue de 5.18 por ciento; [&hellip;]<\/p>\n","protected":false},"author":4,"featured_media":48064,"comment_status":"open","ping_status":"open","sticky":false,"template":"","format":"standard","meta":{"om_disable_all_campaigns":false,"_monsterinsights_skip_tracking":false,"_monsterinsights_sitenote_active":false,"_monsterinsights_sitenote_note":"","_monsterinsights_sitenote_category":0,"footnotes":""},"categories":[176],"tags":[],"class_list":["post-48063","post","type-post","status-publish","format-standard","has-post-thumbnail","hentry","category-nacional"],"amp_enabled":true,"_links":{"self":[{"href":"https:\/\/lahora.mx\/index.php\/wp-json\/wp\/v2\/posts\/48063","targetHints":{"allow":["GET"]}}],"collection":[{"href":"https:\/\/lahora.mx\/index.php\/wp-json\/wp\/v2\/posts"}],"about":[{"href":"https:\/\/lahora.mx\/index.php\/wp-json\/wp\/v2\/types\/post"}],"author":[{"embeddable":true,"href":"https:\/\/lahora.mx\/index.php\/wp-json\/wp\/v2\/users\/4"}],"replies":[{"embeddable":true,"href":"https:\/\/lahora.mx\/index.php\/wp-json\/wp\/v2\/comments?post=48063"}],"version-history":[{"count":1,"href":"https:\/\/lahora.mx\/index.php\/wp-json\/wp\/v2\/posts\/48063\/revisions"}],"predecessor-version":[{"id":48065,"href":"https:\/\/lahora.mx\/index.php\/wp-json\/wp\/v2\/posts\/48063\/revisions\/48065"}],"wp:featuredmedia":[{"embeddable":true,"href":"https:\/\/lahora.mx\/index.php\/wp-json\/wp\/v2\/media\/48064"}],"wp:attachment":[{"href":"https:\/\/lahora.mx\/index.php\/wp-json\/wp\/v2\/media?parent=48063"}],"wp:term":[{"taxonomy":"category","embeddable":true,"href":"https:\/\/lahora.mx\/index.php\/wp-json\/wp\/v2\/categories?post=48063"},{"taxonomy":"post_tag","embeddable":true,"href":"https:\/\/lahora.mx\/index.php\/wp-json\/wp\/v2\/tags?post=48063"}],"curies":[{"name":"wp","href":"https:\/\/api.w.org\/{rel}","templated":true}]}}