{"id":48041,"date":"2024-06-24T00:53:18","date_gmt":"2024-06-24T00:53:18","guid":{"rendered":"http:\/\/lahora.mx\/?p=48041"},"modified":"2024-06-24T00:53:19","modified_gmt":"2024-06-24T00:53:19","slug":"poblano-encabeza-lista-para-asumir-la-sedena-con-sheinbaum","status":"publish","type":"post","link":"https:\/\/lahora.mx\/index.php\/2024\/06\/24\/poblano-encabeza-lista-para-asumir-la-sedena-con-sheinbaum\/","title":{"rendered":"Poblano encabeza lista para asumir la Sedena con Sheinbaum"},"content":{"rendered":"\n<p>El General de Divisi\u00f3n Diplomado de Estado Mayor, Gabriel Garc\u00eda Rinc\u00f3n, originario del municipio de Chietla en Puebla, es uno de los perfiles que, de acuerdo a especialistas, ser\u00eda uno de los 3 que encabezan la lista para asumir la Sedena en el gabinete de la Presidenta Electa, Claudia Sheinbaum.<\/p>\n\n\n\n<p>Actualmente, Garc\u00eda Rinc\u00f3n es Subsecretario de la Defensa Nacional, en el directorio de la Sedena se lee que naci\u00f3 el 22 de diciembre de 1960 en Chietla y cuenta con casi 48 a\u00f1os de servicio ininterrumpido.<\/p>\n\n\n\n<p>Tan solo en el gobierno de Andr\u00e9s Manuel L\u00f3pez Obrador ha obtenido dos ascensos: Oficial Mayor y Subsecretario, el segundo cargo con mayor rango en el Ej\u00e9rcito.<\/p>\n\n\n\n<p>En la Ley Org\u00e1nica del Ej\u00e9rcito Mexicano, art\u00edculo 16, se establece que: \u201cEl Alto Mando del Ej\u00e9rcito y Fuerza A\u00e9rea lo ejercer\u00e1 el Secretario de la Defensa Nacional, el cual ser\u00e1 un General de Divisi\u00f3n del Ej\u00e9rcito, hijo de padres mexicanos\u201d, perfil con el que cumple Garc\u00eda Rinc\u00f3n y tambi\u00e9n el Jefe del Estado Mayor Conjunto, Ricardo Trevilla Trejo as\u00ed como el General Ingeniero, Gustavo Vallejo.<\/p>\n\n\n\n<p>Se sabe Garc\u00eda Rinc\u00f3n inici\u00f3 su formaci\u00f3n en el Heroico Colegio Militar, realiz\u00f3 un curso de paracaidismo, se prepar\u00f3 en Mando y Estado Mayor General, la Licenciatura en Administraci\u00f3n Militar en la Escuela Superior de Guerra y Capacitaci\u00f3n Docente en la Universidad del Ej\u00e9rcito y Fuerza A\u00e9rea.<\/p>\n\n\n\n<p>Hizo una Maestr\u00eda en Administraci\u00f3n Militar para la Seguridad y Defensa Nacionales en el Colegio de Defensa Nacional; Maestr\u00eda en Estudios Estrat\u00e9gicos en el Colegio de Guerra de los Estados Unidos de Am\u00e9rica y Maestr\u00eda en Administraci\u00f3n por parte de la Universidad Nacional Aut\u00f3noma de M\u00e9xico (UNAM).<\/p>\n\n\n\n<p>En cuanto a los cargos que ha desempe\u00f1ado se encuentran: Comandante del Grupo Aerom\u00f3vil de Fuerzas Especiales de la VII Regi\u00f3n Militar, Tuxtla Guti\u00e9rrez, Chis; Comandante de la Unidad Aerom\u00f3vil de Fuerzas Especiales formada en la VII Regi\u00f3n Militar, Tuxtla Guti\u00e9rrez, Chis; Comandante del Grupo Aerom\u00f3vil de Fuerzas Especiales del Alto Mando, Cd. M\u00e9x; Comandante del 49\/o. Batall\u00f3n de Infanter\u00eda, La Paz, B.C.S.; Comandante del 11\/o. Batall\u00f3n de Fuerzas Especiales, Temamatla, M\u00e9x.; Comandante de la Guarnici\u00f3n Militar de Melaque, Jal.; Comandante de la 2\/a. Zona Militar, Tijuana, B.C.; Comandante de la 34\/a. Zona Militar, Chetumal, Q. Roo y Comandante de la II Regi\u00f3n Militar, Mexicali, B.C.<\/p>\n\n\n\n<p>Puestos diplom\u00e1ticos y comisiones en el extranjero: Agregado Militar y A\u00e9reo adjunto a la Embajada de M\u00e9xico en los Estados Unidos de Am\u00e9rica; ha salido al extranjero en 9 ocasiones en representaci\u00f3n de la Secretar\u00eda a diversas comisiones acordes a su jerarqu\u00eda y especialidad.<\/p>\n\n\n\n<p>Entre sus condecoraciones destacan: M\u00e9rito en la Campa\u00f1a Contra el Narcotr\u00e1fico en 2\/a. y 3\/a. Clases; Legi\u00f3n de Honor Mexicana; Distinci\u00f3n de Desempe\u00f1o por en la aplicaci\u00f3n del Plan DN-III-E; Distinci\u00f3n de Desempe\u00f1o por COVID-19 y Condecoraci\u00f3n por Servicios Meritorios, otorgada por el Ej\u00e9rcito de los Estados Unidos de Am\u00e9rica.<\/p>\n","protected":false},"excerpt":{"rendered":"<p>El General de Divisi\u00f3n Diplomado de Estado Mayor, Gabriel Garc\u00eda Rinc\u00f3n, originario del municipio de Chietla en Puebla, es uno de los perfiles que, de acuerdo a especialistas, ser\u00eda uno de los 3 que encabezan la lista para asumir la Sedena en el gabinete de la Presidenta Electa, Claudia Sheinbaum. Actualmente, Garc\u00eda Rinc\u00f3n es Subsecretario [&hellip;]<\/p>\n","protected":false},"author":4,"featured_media":48042,"comment_status":"open","ping_status":"open","sticky":false,"template":"","format":"standard","meta":{"om_disable_all_campaigns":false,"_monsterinsights_skip_tracking":false,"_monsterinsights_sitenote_active":false,"_monsterinsights_sitenote_note":"","_monsterinsights_sitenote_category":0,"footnotes":""},"categories":[175],"tags":[195,223],"class_list":["post-48041","post","type-post","status-publish","format-standard","has-post-thumbnail","hentry","category-local","tag-principal","tag-puebla"],"amp_enabled":true,"_links":{"self":[{"href":"https:\/\/lahora.mx\/index.php\/wp-json\/wp\/v2\/posts\/48041","targetHints":{"allow":["GET"]}}],"collection":[{"href":"https:\/\/lahora.mx\/index.php\/wp-json\/wp\/v2\/posts"}],"about":[{"href":"https:\/\/lahora.mx\/index.php\/wp-json\/wp\/v2\/types\/post"}],"author":[{"embeddable":true,"href":"https:\/\/lahora.mx\/index.php\/wp-json\/wp\/v2\/users\/4"}],"replies":[{"embeddable":true,"href":"https:\/\/lahora.mx\/index.php\/wp-json\/wp\/v2\/comments?post=48041"}],"version-history":[{"count":1,"href":"https:\/\/lahora.mx\/index.php\/wp-json\/wp\/v2\/posts\/48041\/revisions"}],"predecessor-version":[{"id":48043,"href":"https:\/\/lahora.mx\/index.php\/wp-json\/wp\/v2\/posts\/48041\/revisions\/48043"}],"wp:featuredmedia":[{"embeddable":true,"href":"https:\/\/lahora.mx\/index.php\/wp-json\/wp\/v2\/media\/48042"}],"wp:attachment":[{"href":"https:\/\/lahora.mx\/index.php\/wp-json\/wp\/v2\/media?parent=48041"}],"wp:term":[{"taxonomy":"category","embeddable":true,"href":"https:\/\/lahora.mx\/index.php\/wp-json\/wp\/v2\/categories?post=48041"},{"taxonomy":"post_tag","embeddable":true,"href":"https:\/\/lahora.mx\/index.php\/wp-json\/wp\/v2\/tags?post=48041"}],"curies":[{"name":"wp","href":"https:\/\/api.w.org\/{rel}","templated":true}]}}