{"id":48038,"date":"2024-06-24T00:52:28","date_gmt":"2024-06-24T00:52:28","guid":{"rendered":"http:\/\/lahora.mx\/?p=48038"},"modified":"2024-06-24T00:52:28","modified_gmt":"2024-06-24T00:52:28","slug":"7-anos-de-prision-y-multa-por-54-mil-pesos-para-quien-haga-bloqueos-carreteros","status":"publish","type":"post","link":"https:\/\/lahora.mx\/index.php\/2024\/06\/24\/7-anos-de-prision-y-multa-por-54-mil-pesos-para-quien-haga-bloqueos-carreteros\/","title":{"rendered":"7 a\u00f1os de prisi\u00f3n y multa por 54 mil pesos para quien haga bloqueos carreteros"},"content":{"rendered":"\n<p>Bloquear una carretera en Puebla es un delito que puede castigarse con hasta siete a\u00f1os de prisi\u00f3n y una multa de hasta 54 mil pesos; en lo que va de junio se registraron varias manifestaciones en la entidad las cuales llevaron a la obstrucci\u00f3n de distintas vialidades.<\/p>\n\n\n\n<p>Bloqueos para presionar autoridades<br>El 15 de junio, pobladores de Palmar de Bravo cerraron ambos sentidos de la autopista Puebla-C\u00f3rdoba para mostrar su inconformidad con los resultados que emiti\u00f3 el Instituto Electoral del Estado (IEE), en los que result\u00f3 ganador el candidato independiente Juan Carlos Varillas.<\/p>\n\n\n\n<p>Pobladores y simpatizantes del Partido Verde Ecologista de M\u00e9xico (PVEM) tomaron la referida autopista para denunciar un presunto fraude en la jornada electoral del 2 de junio.<\/p>\n\n\n\n<p>Cierran la 31 Poniente<br>El 20 de junio, un grupo de abogados bloque\u00f3 y resguard\u00f3 los accesos de la Junta Federal de Conciliaci\u00f3n y Arbitraje (JFCA) de la Secretar\u00eda de Trabajo y Previsi\u00f3n Social (STPS), con el fin de evitar la salida de expedientes del inmueble ubicado en avenida 31 Poniente, colonia El Vergel, debido a que el archivo ser\u00e1 trasladado a oficinas hom\u00f3logas de Tlaxcala y Oaxaca.<\/p>\n\n\n\n<p>Cerraron por m\u00e1s de cinco horas la avenida 31 Poniente y 29 Sur, lo que caus\u00f3 molestias a automovilistas que circularon por la zona; misma acci\u00f3n la ejecutaron al d\u00eda siguiente, el vienes 21 de junio.<\/p>\n\n\n\n<p>Vecinos de Haras Ciudad Ecol\u00f3gica bloquean Perif\u00e9rico por corte de luz<\/p>\n\n\n\n<p>El 21 de junio vecinos del fraccionamiento Haras Ciudad Ecol\u00f3gica bloquearon la circulaci\u00f3n del Perif\u00e9rico Ecol\u00f3gico con sentido a la salida de la carretera federal a Tehuac\u00e1n debido a un corte de luz que realizaron en el residencial.<\/p>\n\n\n\n<p>Con al menos nueve veh\u00edculos y sus propios cuerpos, cerca de medio centenar de residentes del fraccionamiento impidieron el paso a los automovilistas y transportistas que circularon por la vialidad, lo que provoc\u00f3 filas extensas de tr\u00e1fico vehicular.<\/p>\n\n\n\n<p>Bloquean camino en San Andr\u00e9s Cholula por cambio de sentido en la 14 oriente<br>Habitantes de San Andr\u00e9s Cholula bloquearon el 22 de junio la avenida 5 de Mayo para manifestar su inconformidad sobre el cambio de sentido que se busca implementar en la calle 14 Oriente del municipio cholulteca.<\/p>\n\n\n\n<p>Aseveraron que dicha modificaci\u00f3n pone en riesgo a peatones, estudiantes y transe\u00fantes porque el espacio es muy angosto y con mucho tr\u00e1fico.<\/p>\n\n\n\n<p>Multa y penas por bloqueos carreteros<br>A finales de 2021, el Congreso de la Uni\u00f3n y el Senado aprobaron reformas a la Ley de V\u00edas Generales de Comunicaci\u00f3n para castigar el bloqueo de carreteras, esto al imponer siete a\u00f1os de prisi\u00f3n.<\/p>\n\n\n\n<p>Adem\u00e1s, los manifestantes podr\u00edan pagar una multa de 500 veces la Unidad de Medida de Actualizaci\u00f3n (UMA), equivalente este 2024 a 54 mil 285 pesos.<\/p>\n\n\n\n<p>El gobernador del estado, Sergio Salom\u00f3n C\u00e9spedes Peregrina, y el secretario de Gobernaci\u00f3n, Javier Aquino Lim\u00f3n, exhortaron a la ciudadan\u00eda a que evitar llevar a cabo este tipo de actos, puesto que podr\u00edan provocar accidentes.<\/p>\n\n\n\n<p>Insistieron en que las personas asuman su responsabilidad y compromisos, para mantener el orden y la seguridad en la v\u00eda p\u00fablica; \u201cInvito a todos a razonar y a dialogar. Este tipo de cierres no solo afectan la movilidad, sino que tambi\u00e9n pueden poner en riesgo la vida de muchas personas\u201d, declar\u00f3 Salom\u00f3n el pasado 21 de junio.<\/p>\n","protected":false},"excerpt":{"rendered":"<p>Bloquear una carretera en Puebla es un delito que puede castigarse con hasta siete a\u00f1os de prisi\u00f3n y una multa de hasta 54 mil pesos; en lo que va de junio se registraron varias manifestaciones en la entidad las cuales llevaron a la obstrucci\u00f3n de distintas vialidades. Bloqueos para presionar autoridadesEl 15 de junio, pobladores [&hellip;]<\/p>\n","protected":false},"author":4,"featured_media":48039,"comment_status":"open","ping_status":"open","sticky":false,"template":"","format":"standard","meta":{"om_disable_all_campaigns":false,"_monsterinsights_skip_tracking":false,"_monsterinsights_sitenote_active":false,"_monsterinsights_sitenote_note":"","_monsterinsights_sitenote_category":0,"footnotes":""},"categories":[175],"tags":[195,223],"class_list":["post-48038","post","type-post","status-publish","format-standard","has-post-thumbnail","hentry","category-local","tag-principal","tag-puebla"],"amp_enabled":true,"_links":{"self":[{"href":"https:\/\/lahora.mx\/index.php\/wp-json\/wp\/v2\/posts\/48038","targetHints":{"allow":["GET"]}}],"collection":[{"href":"https:\/\/lahora.mx\/index.php\/wp-json\/wp\/v2\/posts"}],"about":[{"href":"https:\/\/lahora.mx\/index.php\/wp-json\/wp\/v2\/types\/post"}],"author":[{"embeddable":true,"href":"https:\/\/lahora.mx\/index.php\/wp-json\/wp\/v2\/users\/4"}],"replies":[{"embeddable":true,"href":"https:\/\/lahora.mx\/index.php\/wp-json\/wp\/v2\/comments?post=48038"}],"version-history":[{"count":1,"href":"https:\/\/lahora.mx\/index.php\/wp-json\/wp\/v2\/posts\/48038\/revisions"}],"predecessor-version":[{"id":48040,"href":"https:\/\/lahora.mx\/index.php\/wp-json\/wp\/v2\/posts\/48038\/revisions\/48040"}],"wp:featuredmedia":[{"embeddable":true,"href":"https:\/\/lahora.mx\/index.php\/wp-json\/wp\/v2\/media\/48039"}],"wp:attachment":[{"href":"https:\/\/lahora.mx\/index.php\/wp-json\/wp\/v2\/media?parent=48038"}],"wp:term":[{"taxonomy":"category","embeddable":true,"href":"https:\/\/lahora.mx\/index.php\/wp-json\/wp\/v2\/categories?post=48038"},{"taxonomy":"post_tag","embeddable":true,"href":"https:\/\/lahora.mx\/index.php\/wp-json\/wp\/v2\/tags?post=48038"}],"curies":[{"name":"wp","href":"https:\/\/api.w.org\/{rel}","templated":true}]}}