{"id":48032,"date":"2024-06-24T00:48:33","date_gmt":"2024-06-24T00:48:33","guid":{"rendered":"http:\/\/lahora.mx\/?p=48032"},"modified":"2024-06-24T00:48:34","modified_gmt":"2024-06-24T00:48:34","slug":"puebla-al-alza-en-feminicidios","status":"publish","type":"post","link":"https:\/\/lahora.mx\/index.php\/2024\/06\/24\/puebla-al-alza-en-feminicidios\/","title":{"rendered":"Puebla al alza en feminicidios"},"content":{"rendered":"\n<p>A pesar de que en 55 municipios de Puebla est\u00e1 activada la alerta de g\u00e9nero, los feminicidios en la entidad aumentaron un 66 por ciento en los primeros cinco meses de 2024, respecto a los datos registrados en el mismo lapso en 2023; la cifra aument\u00f3 de 12 a 20 casos.<\/p>\n\n\n\n<p>En enero de este a\u00f1o se registraron dos feminicidios; febrero contabiliz\u00f3 tres casos; marzo, cinco; abril, tres; y mayo siete v\u00edctimas del delito, de acuerdo con datos de la Fiscal\u00eda General del Estado (FGE).<\/p>\n\n\n\n<p>En contraste, de enero a mayo de 2023, el estado de Puebla contabiliz\u00f3 12 feminicidios; entre ambos periodos existe una diferencia de ocho casos.<\/p>\n\n\n\n<p>Respecto al crimen, de manera desglosada, los primeros cinco meses de 2023 quedaron de la siguiente forma: enero, un feminicidio; febrero, dos; marzo, cinco; abril, dos; mayo, dos.<br>Del periodo que se analiz\u00f3, marzo del a\u00f1o pasado y mayo del presente fueron los meses en que se registraron m\u00e1s v\u00edctimas de feminicidio en el estado de Puebla, el primero con cinco y el segundo con siete; una diferencia del 40 por ciento entre ambas fechas.<\/p>\n\n\n\n<p>Cabe destacar que en la entidad se activ\u00f3 la Alerta de G\u00e9nero en 55 municipios, entre ellos Puebla, Chignahuapan, Acajete y Los Reyes de Ju\u00e1rez, donde el gobierno estatal deja la encomienda a los ayuntamientos de ejercer acciones a favor de erradicar la violencia contra la mujer.<\/p>\n\n\n\n<p>Sin embargo, el 19 de junio, Javier Aquino Lim\u00f3n, titular de la Secretar\u00eda de Gobernaci\u00f3n, mencion\u00f3 que en cinco o seis municipios se retirar\u00e1 la Alerta de G\u00e9nero, sin precisar cu\u00e1les, debido a que se\u00f1al\u00f3 se realizaron acciones contra la violencia.<\/p>\n","protected":false},"excerpt":{"rendered":"<p>A pesar de que en 55 municipios de Puebla est\u00e1 activada la alerta de g\u00e9nero, los feminicidios en la entidad aumentaron un 66 por ciento en los primeros cinco meses de 2024, respecto a los datos registrados en el mismo lapso en 2023; la cifra aument\u00f3 de 12 a 20 casos. En enero de este [&hellip;]<\/p>\n","protected":false},"author":4,"featured_media":48033,"comment_status":"open","ping_status":"open","sticky":false,"template":"","format":"standard","meta":{"om_disable_all_campaigns":false,"_monsterinsights_skip_tracking":false,"_monsterinsights_sitenote_active":false,"_monsterinsights_sitenote_note":"","_monsterinsights_sitenote_category":0,"footnotes":""},"categories":[175,226],"tags":[223],"class_list":["post-48032","post","type-post","status-publish","format-standard","has-post-thumbnail","hentry","category-local","category-policia","tag-puebla"],"amp_enabled":true,"_links":{"self":[{"href":"https:\/\/lahora.mx\/index.php\/wp-json\/wp\/v2\/posts\/48032","targetHints":{"allow":["GET"]}}],"collection":[{"href":"https:\/\/lahora.mx\/index.php\/wp-json\/wp\/v2\/posts"}],"about":[{"href":"https:\/\/lahora.mx\/index.php\/wp-json\/wp\/v2\/types\/post"}],"author":[{"embeddable":true,"href":"https:\/\/lahora.mx\/index.php\/wp-json\/wp\/v2\/users\/4"}],"replies":[{"embeddable":true,"href":"https:\/\/lahora.mx\/index.php\/wp-json\/wp\/v2\/comments?post=48032"}],"version-history":[{"count":1,"href":"https:\/\/lahora.mx\/index.php\/wp-json\/wp\/v2\/posts\/48032\/revisions"}],"predecessor-version":[{"id":48034,"href":"https:\/\/lahora.mx\/index.php\/wp-json\/wp\/v2\/posts\/48032\/revisions\/48034"}],"wp:featuredmedia":[{"embeddable":true,"href":"https:\/\/lahora.mx\/index.php\/wp-json\/wp\/v2\/media\/48033"}],"wp:attachment":[{"href":"https:\/\/lahora.mx\/index.php\/wp-json\/wp\/v2\/media?parent=48032"}],"wp:term":[{"taxonomy":"category","embeddable":true,"href":"https:\/\/lahora.mx\/index.php\/wp-json\/wp\/v2\/categories?post=48032"},{"taxonomy":"post_tag","embeddable":true,"href":"https:\/\/lahora.mx\/index.php\/wp-json\/wp\/v2\/tags?post=48032"}],"curies":[{"name":"wp","href":"https:\/\/api.w.org\/{rel}","templated":true}]}}