{"id":48029,"date":"2024-06-24T00:46:15","date_gmt":"2024-06-24T00:46:15","guid":{"rendered":"http:\/\/lahora.mx\/?p=48029"},"modified":"2024-06-24T00:46:15","modified_gmt":"2024-06-24T00:46:15","slug":"continua-agua-de-puebla-trabajos-de-rehabilitacion-del-acuaferico","status":"publish","type":"post","link":"https:\/\/lahora.mx\/index.php\/2024\/06\/24\/continua-agua-de-puebla-trabajos-de-rehabilitacion-del-acuaferico\/","title":{"rendered":"Contin\u00faa Agua de Puebla trabajos de rehabilitaci\u00f3n del Acuaf\u00e9rico"},"content":{"rendered":"\n<p>Contin\u00faan los trabajos de rehabilitaci\u00f3n de la l\u00ednea de conducci\u00f3n del Acuaf\u00e9rico, mediante la obra de sustituci\u00f3n de m\u00e1s de 2 kil\u00f3metros de tuber\u00eda, sobre la avenida Jos\u00e9 Mar\u00eda Lafragua o 24 Sur, en el tramo que va del Perif\u00e9rico Ecol\u00f3gico a la avenida 3 de mayo, de la colonia 3 Cruces.<\/p>\n\n\n\n<p>As\u00ed lo inform\u00f3 Agua de Puebla para Todos, a trav\u00e9s de un bolet\u00edn, donde indic\u00f3 que la renovaci\u00f3n de esta l\u00ednea de conducci\u00f3n de 24 pulgadas que recorre el Perif\u00e9rico Ecol\u00f3gico es parte del programa de inversi\u00f3n para incrementar la eficiencia del servicio, la cual beneficiar\u00e1 a m\u00e1s de 120 mil habitantes de la zona sur de la ciudad de Puebla, quienes contar\u00e1n con m\u00e1s y mejor servicio.<\/p>\n\n\n\n<p>Agua de Puebla contin\u00faa trabajos de rehabilitaci\u00f3n del Acuaf\u00e9rico<br>La modernizaci\u00f3n de la l\u00ednea del Acuaf\u00e9rico con inversi\u00f3n superior a 26 millones de pesos, incrementar\u00e1 la eficiencia operativa, elevar\u00e1 la calidad del servicio y garantizar\u00e1 un mejor suministro de agua al reducir considerablemente las p\u00e9rdidas por fugas, asegurando que el l\u00edquido llegue de manera m\u00e1s eficiente y segura a los hogares.<\/p>\n\n\n\n<p>De esta manera, Agua de Puebla para Todos reafirma su compromiso con los usuarios de los servicios de agua potable, drenaje y saneamiento y contin\u00faa trabajando en proyectos que mejoran la infraestructura h\u00eddrica de la ciudad, garantizando un suministro de alta calidad para todos los habitantes dentro de su zona de cobertura.<\/p>\n","protected":false},"excerpt":{"rendered":"<p>Contin\u00faan los trabajos de rehabilitaci\u00f3n de la l\u00ednea de conducci\u00f3n del Acuaf\u00e9rico, mediante la obra de sustituci\u00f3n de m\u00e1s de 2 kil\u00f3metros de tuber\u00eda, sobre la avenida Jos\u00e9 Mar\u00eda Lafragua o 24 Sur, en el tramo que va del Perif\u00e9rico Ecol\u00f3gico a la avenida 3 de mayo, de la colonia 3 Cruces. As\u00ed lo inform\u00f3 [&hellip;]<\/p>\n","protected":false},"author":4,"featured_media":48030,"comment_status":"open","ping_status":"open","sticky":false,"template":"","format":"standard","meta":{"om_disable_all_campaigns":false,"_monsterinsights_skip_tracking":false,"_monsterinsights_sitenote_active":false,"_monsterinsights_sitenote_note":"","_monsterinsights_sitenote_category":0,"footnotes":""},"categories":[175],"tags":[195,223],"class_list":["post-48029","post","type-post","status-publish","format-standard","has-post-thumbnail","hentry","category-local","tag-principal","tag-puebla"],"amp_enabled":true,"_links":{"self":[{"href":"https:\/\/lahora.mx\/index.php\/wp-json\/wp\/v2\/posts\/48029","targetHints":{"allow":["GET"]}}],"collection":[{"href":"https:\/\/lahora.mx\/index.php\/wp-json\/wp\/v2\/posts"}],"about":[{"href":"https:\/\/lahora.mx\/index.php\/wp-json\/wp\/v2\/types\/post"}],"author":[{"embeddable":true,"href":"https:\/\/lahora.mx\/index.php\/wp-json\/wp\/v2\/users\/4"}],"replies":[{"embeddable":true,"href":"https:\/\/lahora.mx\/index.php\/wp-json\/wp\/v2\/comments?post=48029"}],"version-history":[{"count":1,"href":"https:\/\/lahora.mx\/index.php\/wp-json\/wp\/v2\/posts\/48029\/revisions"}],"predecessor-version":[{"id":48031,"href":"https:\/\/lahora.mx\/index.php\/wp-json\/wp\/v2\/posts\/48029\/revisions\/48031"}],"wp:featuredmedia":[{"embeddable":true,"href":"https:\/\/lahora.mx\/index.php\/wp-json\/wp\/v2\/media\/48030"}],"wp:attachment":[{"href":"https:\/\/lahora.mx\/index.php\/wp-json\/wp\/v2\/media?parent=48029"}],"wp:term":[{"taxonomy":"category","embeddable":true,"href":"https:\/\/lahora.mx\/index.php\/wp-json\/wp\/v2\/categories?post=48029"},{"taxonomy":"post_tag","embeddable":true,"href":"https:\/\/lahora.mx\/index.php\/wp-json\/wp\/v2\/tags?post=48029"}],"curies":[{"name":"wp","href":"https:\/\/api.w.org\/{rel}","templated":true}]}}