{"id":48023,"date":"2024-06-23T18:53:13","date_gmt":"2024-06-23T18:53:13","guid":{"rendered":"http:\/\/lahora.mx\/?p=48023"},"modified":"2024-06-23T18:53:13","modified_gmt":"2024-06-23T18:53:13","slug":"tiembla-en-guerrero-con-magnitud-de-5-2","status":"publish","type":"post","link":"https:\/\/lahora.mx\/index.php\/2024\/06\/23\/tiembla-en-guerrero-con-magnitud-de-5-2\/","title":{"rendered":"Tiembla en Guerrero; con magnitud de 5.2"},"content":{"rendered":"\n<p>La ma\u00f1ana de este domingo 23 de junio se registr\u00f3 un sismo en Puebla, se trat\u00f3 de un temblor de magnitud 5.2 con epicentro en al sureste del estado de Guerrero; hasta el momento no se reportan afectaciones.<\/p>\n\n\n\n<p>El Sismol\u00f3gico Nacional report\u00f3 que el sismo de 5.2 se localiz\u00f3 a 18 kil\u00f3metros al Sureste de San Marcos, Guerrero a las 11:16 horas.<\/p>\n\n\n\n<p>Al respecto, la Coordinaci\u00f3n General de Protecci\u00f3n Civil del estado de Puebla inform\u00f3 a trav\u00e9s de su cuenta de X que tras el reporte de sismo magnitud 5.2 que el movimiento tel\u00farico fue menor, por lo que los sistemas de alertamiento s\u00edsmico no se activaron.<\/p>\n\n\n\n<p>Sin embargo, fue percibido en los municipios de: Huejotzingo, Atlixco, San Pedro Cholula, Puebla capital, Iz\u00facar de Matamoros, San Andr\u00e9s Cholula, Huehuetl\u00e1n el Grande y Cuayuca de Andrade.<\/p>\n\n\n\n<p>Indicaron que las Unidades Municipales de Protecci\u00f3n Civil y personal de la Coordinaci\u00f3n realizan recorridos en los municipios para evaluar posibles afectaciones.<\/p>\n\n\n\n<p>Asimismo, se\u00f1alaron que hasta este momento no se reportan da\u00f1os en inmuebles, ni personas lesionadas.<\/p>\n","protected":false},"excerpt":{"rendered":"<p>La ma\u00f1ana de este domingo 23 de junio se registr\u00f3 un sismo en Puebla, se trat\u00f3 de un temblor de magnitud 5.2 con epicentro en al sureste del estado de Guerrero; hasta el momento no se reportan afectaciones. El Sismol\u00f3gico Nacional report\u00f3 que el sismo de 5.2 se localiz\u00f3 a 18 kil\u00f3metros al Sureste de [&hellip;]<\/p>\n","protected":false},"author":4,"featured_media":48024,"comment_status":"open","ping_status":"open","sticky":false,"template":"","format":"standard","meta":{"om_disable_all_campaigns":false,"_monsterinsights_skip_tracking":false,"_monsterinsights_sitenote_active":false,"_monsterinsights_sitenote_note":"","_monsterinsights_sitenote_category":0,"footnotes":""},"categories":[175],"tags":[195,223],"class_list":["post-48023","post","type-post","status-publish","format-standard","has-post-thumbnail","hentry","category-local","tag-principal","tag-puebla"],"amp_enabled":true,"_links":{"self":[{"href":"https:\/\/lahora.mx\/index.php\/wp-json\/wp\/v2\/posts\/48023","targetHints":{"allow":["GET"]}}],"collection":[{"href":"https:\/\/lahora.mx\/index.php\/wp-json\/wp\/v2\/posts"}],"about":[{"href":"https:\/\/lahora.mx\/index.php\/wp-json\/wp\/v2\/types\/post"}],"author":[{"embeddable":true,"href":"https:\/\/lahora.mx\/index.php\/wp-json\/wp\/v2\/users\/4"}],"replies":[{"embeddable":true,"href":"https:\/\/lahora.mx\/index.php\/wp-json\/wp\/v2\/comments?post=48023"}],"version-history":[{"count":1,"href":"https:\/\/lahora.mx\/index.php\/wp-json\/wp\/v2\/posts\/48023\/revisions"}],"predecessor-version":[{"id":48025,"href":"https:\/\/lahora.mx\/index.php\/wp-json\/wp\/v2\/posts\/48023\/revisions\/48025"}],"wp:featuredmedia":[{"embeddable":true,"href":"https:\/\/lahora.mx\/index.php\/wp-json\/wp\/v2\/media\/48024"}],"wp:attachment":[{"href":"https:\/\/lahora.mx\/index.php\/wp-json\/wp\/v2\/media?parent=48023"}],"wp:term":[{"taxonomy":"category","embeddable":true,"href":"https:\/\/lahora.mx\/index.php\/wp-json\/wp\/v2\/categories?post=48023"},{"taxonomy":"post_tag","embeddable":true,"href":"https:\/\/lahora.mx\/index.php\/wp-json\/wp\/v2\/tags?post=48023"}],"curies":[{"name":"wp","href":"https:\/\/api.w.org\/{rel}","templated":true}]}}