{"id":4800,"date":"2022-03-29T22:56:05","date_gmt":"2022-03-29T22:56:05","guid":{"rendered":"http:\/\/lahora.mx\/?p=4800"},"modified":"2022-03-29T22:56:06","modified_gmt":"2022-03-29T22:56:06","slug":"ayuntamiento-busca-extender-el-control-politico-critica-barbosa","status":"publish","type":"post","link":"https:\/\/lahora.mx\/index.php\/2022\/03\/29\/ayuntamiento-busca-extender-el-control-politico-critica-barbosa\/","title":{"rendered":"Ayuntamiento busca extender el control pol\u00edtico, critica Barbosa"},"content":{"rendered":"\n<p>El Gobernador,&nbsp;<strong>Luis Miguel Barbosa Huerta<\/strong>, insisti\u00f3 en que buscar\u00e1 regular la<strong>&nbsp;concesi\u00f3n de espacios publicitarios<\/strong>&nbsp;y pendones que realizar\u00e1 el A<strong>yuntamiento de Puebla<\/strong>&nbsp;para evitar que rebase la mitad del periodo de la siguiente administraci\u00f3n y de esta forma las pr\u00f3ximas autoridades puedan revisarla.<\/p>\n\n\n\n<p>Esta ma\u00f1ana, el edil<strong>\u00a0Eduardo Rivera P\u00e9rez\u00a0<\/strong>defendi\u00f3 que la<strong>\u00a0ley le permite entregar esta concesi\u00f3n hasta por 10 a\u00f1os<\/strong>\u00a0y sin necesidad de tener el aval del Congreso Estatal, no obstante, Barbosa le respondi\u00f3 que<strong>\u00a0el Poder Legislativo si debe intervenir porque se trata de bienes de dominio p\u00fablico<\/strong>.<br>En su habitual conferencia de prensa matutina, el mandatario se\u00f1al\u00f3 que aquellas concesiones que rebasan el ejercicio de funciones de quienes las otorgan tienen como f<strong>inalidad extender el control pol\u00edtico sobre bienes de dominio p\u00fablico,<\/strong>\u00a0cuesti\u00f3n que,\u00a0<strong>a su juicio, no es \u00e9tica y por eso ha se\u00f1alado.<\/strong><br><\/p>\n\n\n\n<p><strong><em>\u201cQue no me quieran a mi ver la cara, nunca un c\u00f3digo fiscal est\u00e1 sobre la constituci\u00f3n y la ley org\u00e1nica, nunca. \u00bfNo quedamos que \u00edbamos a ser diferentes?, \u00bfo qu\u00e9?, \u00bfsolamente bajo el esquema de persecuci\u00f3n se portan bien?\u201d<\/em><\/strong>, dijo.<\/p>\n\n\n\n<p>El mandatario dijo que un ejemplo de que este tipo de concesiones buscan extender el control pol\u00edtico, es la que en el pasado se entreg\u00f3 para la operaci\u00f3n de los espacios publicitarios de la&nbsp;<strong>Red Urbana de Transporte Articulado (RUTA)<\/strong>, ya que quienes la ten\u00edan no permitieron la instalaci\u00f3n de publicidad para su toma de protesta en 2019.<\/p>\n\n\n\n<p>Por su parte, el Consejero Jur\u00eddico,<strong>&nbsp;Carlos Palafox Galeana<\/strong>, explic\u00f3 que los espacios publicitarios que se pretenden concesionar por una d\u00e9cada son propiedad com\u00fan, pertenecen a los poblanos y por lo tanto, no solo el cabildo, sino<strong>&nbsp;tambi\u00e9n el Congreso debe avalarlo.<\/strong><\/p>\n\n\n\n<p><strong><em>\u201cEs muy claro, por los propios considerandos, que al extenderse el plazo del ayuntamiento se debe solicitar autorizaci\u00f3n del congreso. (\u2026) No deja de ser un acto jur\u00eddico que tiene como esencia la voluntad de las partes de generar derechos y obligaciones\u201d,<\/em><\/strong>&nbsp;explic\u00f3.<\/p>\n","protected":false},"excerpt":{"rendered":"<p>El Gobernador,&nbsp;Luis Miguel Barbosa Huerta, insisti\u00f3 en que buscar\u00e1 regular la&nbsp;concesi\u00f3n de espacios publicitarios&nbsp;y pendones que realizar\u00e1 el Ayuntamiento de Puebla&nbsp;para evitar que rebase la mitad del periodo de la siguiente administraci\u00f3n y de esta forma las pr\u00f3ximas autoridades puedan revisarla. Esta ma\u00f1ana, el edil\u00a0Eduardo Rivera P\u00e9rez\u00a0defendi\u00f3 que la\u00a0ley le permite entregar esta concesi\u00f3n hasta [&hellip;]<\/p>\n","protected":false},"author":4,"featured_media":4801,"comment_status":"open","ping_status":"open","sticky":false,"template":"","format":"standard","meta":{"om_disable_all_campaigns":false,"_monsterinsights_skip_tracking":false,"_monsterinsights_sitenote_active":false,"_monsterinsights_sitenote_note":"","_monsterinsights_sitenote_category":0,"footnotes":""},"categories":[175],"tags":[223],"class_list":["post-4800","post","type-post","status-publish","format-standard","has-post-thumbnail","hentry","category-local","tag-puebla"],"amp_enabled":true,"_links":{"self":[{"href":"https:\/\/lahora.mx\/index.php\/wp-json\/wp\/v2\/posts\/4800","targetHints":{"allow":["GET"]}}],"collection":[{"href":"https:\/\/lahora.mx\/index.php\/wp-json\/wp\/v2\/posts"}],"about":[{"href":"https:\/\/lahora.mx\/index.php\/wp-json\/wp\/v2\/types\/post"}],"author":[{"embeddable":true,"href":"https:\/\/lahora.mx\/index.php\/wp-json\/wp\/v2\/users\/4"}],"replies":[{"embeddable":true,"href":"https:\/\/lahora.mx\/index.php\/wp-json\/wp\/v2\/comments?post=4800"}],"version-history":[{"count":1,"href":"https:\/\/lahora.mx\/index.php\/wp-json\/wp\/v2\/posts\/4800\/revisions"}],"predecessor-version":[{"id":4802,"href":"https:\/\/lahora.mx\/index.php\/wp-json\/wp\/v2\/posts\/4800\/revisions\/4802"}],"wp:featuredmedia":[{"embeddable":true,"href":"https:\/\/lahora.mx\/index.php\/wp-json\/wp\/v2\/media\/4801"}],"wp:attachment":[{"href":"https:\/\/lahora.mx\/index.php\/wp-json\/wp\/v2\/media?parent=4800"}],"wp:term":[{"taxonomy":"category","embeddable":true,"href":"https:\/\/lahora.mx\/index.php\/wp-json\/wp\/v2\/categories?post=4800"},{"taxonomy":"post_tag","embeddable":true,"href":"https:\/\/lahora.mx\/index.php\/wp-json\/wp\/v2\/tags?post=4800"}],"curies":[{"name":"wp","href":"https:\/\/api.w.org\/{rel}","templated":true}]}}