{"id":47960,"date":"2024-06-22T19:25:52","date_gmt":"2024-06-22T19:25:52","guid":{"rendered":"http:\/\/lahora.mx\/?p=47960"},"modified":"2024-06-22T19:25:53","modified_gmt":"2024-06-22T19:25:53","slug":"vecinos-bloquean-la-5-de-mayo-por-cambio-de-sentido-de-la-14-oriente-en-cholula","status":"publish","type":"post","link":"https:\/\/lahora.mx\/index.php\/2024\/06\/22\/vecinos-bloquean-la-5-de-mayo-por-cambio-de-sentido-de-la-14-oriente-en-cholula\/","title":{"rendered":"Vecinos bloquean la 5 de Mayo por cambio de sentido de la 14 Oriente en Cholula"},"content":{"rendered":"\n<p>Habitantes de San Andr\u00e9s Cholula bloquearon avenida 5 de Mayo para manifestar su inconformidad sobre el cambio de sentido que se busca implementar en la calle 14 Oriente, pues aseveran que dicha modificaci\u00f3n pone en riesgo a los peatones, estudiantes y transe\u00fantes porque el espacio es muy angosto y con mucho tr\u00e1fico.<\/p>\n\n\n\n<p>Los vecinos, la comunidad estudiantil del municipio y padres de familia de la escuela particular L\u00faminos se manifiestan para exigir que no se implemente el doble sentido en la calle 14 Oriente.<\/p>\n\n\n\n<p>Al lugar lleg\u00f3 el titular de la Secretar\u00eda de Seguridad P\u00fablica de San Andr\u00e9s Cholula, Luis Flores Fierro, quien escuch\u00f3 las inconformidades de los vecinos y asever\u00f3 que \u201cest\u00e1n abiertos para quitar el doble sentido de la 14 Oriente, pero hasta que no est\u00e9n los estudios viales del doble sentido lo podr\u00e1n retirar si las condiciones as\u00ed lo permiten\u201d.<br>Por otro lado, los manifestantes afirmaron que la implementaci\u00f3n del doble sentido en la 14 Oriente de San Andr\u00e9s Cholula dificultar\u00e1 el acceso a establecimientos y estacionamientos de la zona, aumentar\u00e1 el ruido y la seguridad peatonal.<\/p>\n\n\n\n<p>Adem\u00e1s, el presidente municipal de San Andr\u00e9s Cholula, Edmundo Tlatehui Percino, mencion\u00f3 que el cambio de sentido de la 14 Oriente gener\u00f3 molestias, pero que la modificaci\u00f3n provocar\u00e1 beneficios a la sociedad.<\/p>\n\n\n\n<p>\u201cM\u00e1s afectados vamos a estar todos si seguimos en un solo sentido y tenemos obstaculizadas las salidas\u201d, asever\u00f3 el mun\u00edcipe.<\/p>\n","protected":false},"excerpt":{"rendered":"<p>Habitantes de San Andr\u00e9s Cholula bloquearon avenida 5 de Mayo para manifestar su inconformidad sobre el cambio de sentido que se busca implementar en la calle 14 Oriente, pues aseveran que dicha modificaci\u00f3n pone en riesgo a los peatones, estudiantes y transe\u00fantes porque el espacio es muy angosto y con mucho tr\u00e1fico. Los vecinos, la [&hellip;]<\/p>\n","protected":false},"author":4,"featured_media":47961,"comment_status":"open","ping_status":"open","sticky":false,"template":"","format":"standard","meta":{"om_disable_all_campaigns":false,"_monsterinsights_skip_tracking":false,"_monsterinsights_sitenote_active":false,"_monsterinsights_sitenote_note":"","_monsterinsights_sitenote_category":0,"footnotes":""},"categories":[175],"tags":[195,223],"class_list":["post-47960","post","type-post","status-publish","format-standard","has-post-thumbnail","hentry","category-local","tag-principal","tag-puebla"],"amp_enabled":true,"_links":{"self":[{"href":"https:\/\/lahora.mx\/index.php\/wp-json\/wp\/v2\/posts\/47960","targetHints":{"allow":["GET"]}}],"collection":[{"href":"https:\/\/lahora.mx\/index.php\/wp-json\/wp\/v2\/posts"}],"about":[{"href":"https:\/\/lahora.mx\/index.php\/wp-json\/wp\/v2\/types\/post"}],"author":[{"embeddable":true,"href":"https:\/\/lahora.mx\/index.php\/wp-json\/wp\/v2\/users\/4"}],"replies":[{"embeddable":true,"href":"https:\/\/lahora.mx\/index.php\/wp-json\/wp\/v2\/comments?post=47960"}],"version-history":[{"count":1,"href":"https:\/\/lahora.mx\/index.php\/wp-json\/wp\/v2\/posts\/47960\/revisions"}],"predecessor-version":[{"id":47962,"href":"https:\/\/lahora.mx\/index.php\/wp-json\/wp\/v2\/posts\/47960\/revisions\/47962"}],"wp:featuredmedia":[{"embeddable":true,"href":"https:\/\/lahora.mx\/index.php\/wp-json\/wp\/v2\/media\/47961"}],"wp:attachment":[{"href":"https:\/\/lahora.mx\/index.php\/wp-json\/wp\/v2\/media?parent=47960"}],"wp:term":[{"taxonomy":"category","embeddable":true,"href":"https:\/\/lahora.mx\/index.php\/wp-json\/wp\/v2\/categories?post=47960"},{"taxonomy":"post_tag","embeddable":true,"href":"https:\/\/lahora.mx\/index.php\/wp-json\/wp\/v2\/tags?post=47960"}],"curies":[{"name":"wp","href":"https:\/\/api.w.org\/{rel}","templated":true}]}}