{"id":47943,"date":"2024-06-22T02:22:55","date_gmt":"2024-06-22T02:22:55","guid":{"rendered":"http:\/\/lahora.mx\/?p=47943"},"modified":"2024-06-22T02:22:56","modified_gmt":"2024-06-22T02:22:56","slug":"anuncian-nuevo-cierre-en-via-atlixcayotl","status":"publish","type":"post","link":"https:\/\/lahora.mx\/index.php\/2024\/06\/22\/anuncian-nuevo-cierre-en-via-atlixcayotl\/","title":{"rendered":"Anuncian nuevo cierre en V\u00eda Atlixc\u00e1yotl"},"content":{"rendered":"\n<p>A partir de las 22:00 horas de este viernes 21 de junio de 2024 y hasta el s\u00e1bado 22 a las 6:00 horas, se llevar\u00e1n a cabo cierres intermitentes en los carriles centrales de la V\u00eda Atlixc\u00e1yotl.<\/p>\n\n\n\n<p>De acuerdo con la Secretar\u00eda de Infraestructura, los cierres afectar\u00e1n la circulaci\u00f3n con sentido a Atlixco, a la altura del Perif\u00e9rico Ecol\u00f3gico, por lo que el tr\u00e1fico permanecer\u00e1 restringido por los trabajos de mantenimiento y mejoras en la infraestructura vial de la zona.<\/p>\n\n\n\n<p>Detalles de los cierres viales en la V\u00eda Atlixc\u00e1yotl<br>El cierre ser\u00e1 desde las 22:00 horas de este viernes y hasta las 6:00 horas de la ma\u00f1ana del s\u00e1bado en los carriles centrales de la V\u00eda Atlixc\u00e1yotl, a la altura del Perif\u00e9rico Ecol\u00f3gico.<\/p>\n\n\n\n<p>Para evitar congestionamientos y facilitar la movilidad durante los cierres viales, las autoridades recomiendan tomar la siguiente v\u00eda alterna:<\/p>\n\n\n\n<p>Retorno a Valsequillo: Por Perif\u00e9rico Ecol\u00f3gico y el Puente a Santa Clara<br>Por esta raz\u00f3n autoridades exhortan a los automovilistas a planificar sus rutas y utilizar las v\u00edas alternas mencionadas para minimizar las afectaciones en su desplazamiento.<br>\u201c\u00a1Atenci\u00f3n conductores! A partir de las 22 horas de este viernes 21 de junio habr\u00e1 cierre intermitente en el carril central de V\u00eda Atlixc\u00e1yotl, a la altura del Perif\u00e9rico Ecol\u00f3gico, con sentido a Atlixco. El cierre permanecer\u00e1 hasta las 6:00 horas del s\u00e1bado 22 de junio\u201d, inform\u00f3 la Secretaria de Infraestructura.<\/p>\n","protected":false},"excerpt":{"rendered":"<p>A partir de las 22:00 horas de este viernes 21 de junio de 2024 y hasta el s\u00e1bado 22 a las 6:00 horas, se llevar\u00e1n a cabo cierres intermitentes en los carriles centrales de la V\u00eda Atlixc\u00e1yotl. De acuerdo con la Secretar\u00eda de Infraestructura, los cierres afectar\u00e1n la circulaci\u00f3n con sentido a Atlixco, a la [&hellip;]<\/p>\n","protected":false},"author":4,"featured_media":47944,"comment_status":"open","ping_status":"open","sticky":false,"template":"","format":"standard","meta":{"om_disable_all_campaigns":false,"_monsterinsights_skip_tracking":false,"_monsterinsights_sitenote_active":false,"_monsterinsights_sitenote_note":"","_monsterinsights_sitenote_category":0,"footnotes":""},"categories":[175],"tags":[195,223],"class_list":["post-47943","post","type-post","status-publish","format-standard","has-post-thumbnail","hentry","category-local","tag-principal","tag-puebla"],"amp_enabled":true,"_links":{"self":[{"href":"https:\/\/lahora.mx\/index.php\/wp-json\/wp\/v2\/posts\/47943","targetHints":{"allow":["GET"]}}],"collection":[{"href":"https:\/\/lahora.mx\/index.php\/wp-json\/wp\/v2\/posts"}],"about":[{"href":"https:\/\/lahora.mx\/index.php\/wp-json\/wp\/v2\/types\/post"}],"author":[{"embeddable":true,"href":"https:\/\/lahora.mx\/index.php\/wp-json\/wp\/v2\/users\/4"}],"replies":[{"embeddable":true,"href":"https:\/\/lahora.mx\/index.php\/wp-json\/wp\/v2\/comments?post=47943"}],"version-history":[{"count":1,"href":"https:\/\/lahora.mx\/index.php\/wp-json\/wp\/v2\/posts\/47943\/revisions"}],"predecessor-version":[{"id":47945,"href":"https:\/\/lahora.mx\/index.php\/wp-json\/wp\/v2\/posts\/47943\/revisions\/47945"}],"wp:featuredmedia":[{"embeddable":true,"href":"https:\/\/lahora.mx\/index.php\/wp-json\/wp\/v2\/media\/47944"}],"wp:attachment":[{"href":"https:\/\/lahora.mx\/index.php\/wp-json\/wp\/v2\/media?parent=47943"}],"wp:term":[{"taxonomy":"category","embeddable":true,"href":"https:\/\/lahora.mx\/index.php\/wp-json\/wp\/v2\/categories?post=47943"},{"taxonomy":"post_tag","embeddable":true,"href":"https:\/\/lahora.mx\/index.php\/wp-json\/wp\/v2\/tags?post=47943"}],"curies":[{"name":"wp","href":"https:\/\/api.w.org\/{rel}","templated":true}]}}