{"id":4794,"date":"2022-03-29T22:33:04","date_gmt":"2022-03-29T22:33:04","guid":{"rendered":"http:\/\/lahora.mx\/?p=4794"},"modified":"2022-03-29T22:33:06","modified_gmt":"2022-03-29T22:33:06","slug":"en-puebla-aun-no-se-supera-la-cuarta-ola-menciona-el-secretario-de-salud","status":"publish","type":"post","link":"https:\/\/lahora.mx\/index.php\/2022\/03\/29\/en-puebla-aun-no-se-supera-la-cuarta-ola-menciona-el-secretario-de-salud\/","title":{"rendered":"En Puebla aun no se supera la cuarta ola menciona el secretario de salud"},"content":{"rendered":"\n<p>Todav\u00eda<strong>\u00a0no se puede considerar que Puebla ha superado la cuarta ola de contagios<\/strong>\u00a0de COVID-19, sostuvo el secretario de Salud,\u00a0<strong>Jos\u00e9 Antonio Mart\u00ednez Garc\u00eda,<\/strong>\u00a0al tiempo de informar que en las \u00faltimas 24 horas\u00a0<strong>se detectaron 11 nuevos casos<\/strong>\u00a0positivos y ocurrieron\u00a0<strong>dos defunciones.<\/strong><br>Lo anterior, luego de que previamente hab\u00eda se\u00f1alado que para considerar el t\u00e9rmino de la cuarta ola de contagios se deb\u00eda\u00a0<strong>mantener una tendencia menor a los 50 nuevos contagios<\/strong>\u00a0diarios.<br><\/p>\n\n\n\n<p>Mart\u00ednez inform\u00f3 que actualmente&nbsp;<strong>hay 457 casos activos de COVID-19 distribuidos en 35 municipios<\/strong>, de los cuales 60 pacientes est\u00e1n hospitalizados y 12 de ellos cuentan con ventilaci\u00f3n mec\u00e1nica asistida.<\/p>\n\n\n\n<p>Con lo anterior, la entidad&nbsp;<strong>lleg\u00f3 a un acumulado de 156 mil 198 contagios acumulados<\/strong>, mientras que la cifra de defunciones en lo que va de la contingencia sanitaria es de 17 mil 105.<\/p>\n\n\n\n<p>Por otra parte, el secretario inform\u00f3 que este d\u00eda inici\u00f3 una&nbsp;<strong>nueva jornada de vacunaci\u00f3n en 88 municipios de la Mixteca&nbsp;<\/strong>y las Sierras Norte y Nororiental,&nbsp;<strong>con la meta de aplicar 127 mil 134 dosis.<\/strong><\/p>\n\n\n\n<p>Destac\u00f3 que las personas que necesitan<strong>&nbsp;completar su esquema de vacunaci\u00f3n o son rezagados<\/strong>, porque no han recibido ninguna dosis, tambi\u00e9n ser\u00e1n atendidos durante la jornada.<\/p>\n","protected":false},"excerpt":{"rendered":"<p>Todav\u00eda\u00a0no se puede considerar que Puebla ha superado la cuarta ola de contagios\u00a0de COVID-19, sostuvo el secretario de Salud,\u00a0Jos\u00e9 Antonio Mart\u00ednez Garc\u00eda,\u00a0al tiempo de informar que en las \u00faltimas 24 horas\u00a0se detectaron 11 nuevos casos\u00a0positivos y ocurrieron\u00a0dos defunciones.Lo anterior, luego de que previamente hab\u00eda se\u00f1alado que para considerar el t\u00e9rmino de la cuarta ola de [&hellip;]<\/p>\n","protected":false},"author":4,"featured_media":4795,"comment_status":"open","ping_status":"open","sticky":false,"template":"","format":"standard","meta":{"om_disable_all_campaigns":false,"_monsterinsights_skip_tracking":false,"_monsterinsights_sitenote_active":false,"_monsterinsights_sitenote_note":"","_monsterinsights_sitenote_category":0,"footnotes":""},"categories":[175],"tags":[195,223],"class_list":["post-4794","post","type-post","status-publish","format-standard","has-post-thumbnail","hentry","category-local","tag-principal","tag-puebla"],"amp_enabled":true,"_links":{"self":[{"href":"https:\/\/lahora.mx\/index.php\/wp-json\/wp\/v2\/posts\/4794","targetHints":{"allow":["GET"]}}],"collection":[{"href":"https:\/\/lahora.mx\/index.php\/wp-json\/wp\/v2\/posts"}],"about":[{"href":"https:\/\/lahora.mx\/index.php\/wp-json\/wp\/v2\/types\/post"}],"author":[{"embeddable":true,"href":"https:\/\/lahora.mx\/index.php\/wp-json\/wp\/v2\/users\/4"}],"replies":[{"embeddable":true,"href":"https:\/\/lahora.mx\/index.php\/wp-json\/wp\/v2\/comments?post=4794"}],"version-history":[{"count":1,"href":"https:\/\/lahora.mx\/index.php\/wp-json\/wp\/v2\/posts\/4794\/revisions"}],"predecessor-version":[{"id":4796,"href":"https:\/\/lahora.mx\/index.php\/wp-json\/wp\/v2\/posts\/4794\/revisions\/4796"}],"wp:featuredmedia":[{"embeddable":true,"href":"https:\/\/lahora.mx\/index.php\/wp-json\/wp\/v2\/media\/4795"}],"wp:attachment":[{"href":"https:\/\/lahora.mx\/index.php\/wp-json\/wp\/v2\/media?parent=4794"}],"wp:term":[{"taxonomy":"category","embeddable":true,"href":"https:\/\/lahora.mx\/index.php\/wp-json\/wp\/v2\/categories?post=4794"},{"taxonomy":"post_tag","embeddable":true,"href":"https:\/\/lahora.mx\/index.php\/wp-json\/wp\/v2\/tags?post=4794"}],"curies":[{"name":"wp","href":"https:\/\/api.w.org\/{rel}","templated":true}]}}