{"id":47937,"date":"2024-06-22T01:59:42","date_gmt":"2024-06-22T01:59:42","guid":{"rendered":"http:\/\/lahora.mx\/?p=47937"},"modified":"2024-06-22T01:59:42","modified_gmt":"2024-06-22T01:59:42","slug":"50-viviendas-de-san-felipe-xochiltepec-son-afectadas-tras-el-paso-de-la-tormenta-tropical-alberto","status":"publish","type":"post","link":"https:\/\/lahora.mx\/index.php\/2024\/06\/22\/50-viviendas-de-san-felipe-xochiltepec-son-afectadas-tras-el-paso-de-la-tormenta-tropical-alberto\/","title":{"rendered":"50 viviendas de San Felipe Xochiltepec son afectadas tras el paso de la tormenta tropical &#8216;Alberto&#8217;"},"content":{"rendered":"\n<p>La tormenta tropical &#8216;Alberto&#8217; ha dejado destrucci\u00f3n en la comunidad de San Miguel Ayotla, perteneciente al municipio de San Felipe Xochiltepec, donde m\u00e1s de 50 viviendas se han visto afectadas debido a las intensas r\u00e1fagas de viento y las intensas lluvias, las cuales derribaron bardas y techos de l\u00e1mina, dejando a los pobladores en una situaci\u00f3n desesperada.<\/p>\n\n\n\n<p>Habitantes informaron que la tormenta ha permanecido en las \u00faltimas horas y en lapsos cortos se ha detenido, sin embargo, hasta el momento no se han reportado p\u00e9rdidas humanas, pero los da\u00f1os materiales fueron severos, comentaron que el acceso a la comunidad se ha vuelto sumamente complicado.<br><\/p>\n\n\n\n<p>\u201cLa v\u00eda que conecta San Miguel Ayotla con el municipio de Tepeojuma, que ya de por s\u00ed es una mezcla de carretera y terracer\u00eda, ha quedado severamente afectada por las lluvias. Adem\u00e1s, el acceso desde San Juan Epatl\u00e1n tambi\u00e9n presenta dificultades, ya que la carretera que une ambas comunidades est\u00e1 en reparaci\u00f3n y ha sufrido da\u00f1os adicionales por la tormenta\u201d ,inform\u00f3 Asuncion Coyote, habitante de la comunidad.<\/p>\n\n\n\n<p>Comentaron que hasta el momento se han visto afectadas 50 viviendas, entre ellas se han llevado l\u00e1minas, bardas y han derribado postes de luz, pese a que se dio aviso a los n\u00fameros de emergencia hasta el momento no han llegado ninguna unidad de rescate.<\/p>\n\n\n\n<p>Por lo tanto, los habitantes hacen un llamado urgente a las autoridades municipales, estatales y federales para que brinden el apoyo necesario y eval\u00faen los da\u00f1os. La comunidad espera con ansias que se realice un censo para determinar con precisi\u00f3n cu\u00e1ntas viviendas resultaron da\u00f1adas y que se implementen medidas de ayuda y reconstrucci\u00f3n.<\/p>\n","protected":false},"excerpt":{"rendered":"<p>La tormenta tropical &#8216;Alberto&#8217; ha dejado destrucci\u00f3n en la comunidad de San Miguel Ayotla, perteneciente al municipio de San Felipe Xochiltepec, donde m\u00e1s de 50 viviendas se han visto afectadas debido a las intensas r\u00e1fagas de viento y las intensas lluvias, las cuales derribaron bardas y techos de l\u00e1mina, dejando a los pobladores en una [&hellip;]<\/p>\n","protected":false},"author":4,"featured_media":47938,"comment_status":"open","ping_status":"open","sticky":false,"template":"","format":"standard","meta":{"om_disable_all_campaigns":false,"_monsterinsights_skip_tracking":false,"_monsterinsights_sitenote_active":false,"_monsterinsights_sitenote_note":"","_monsterinsights_sitenote_category":0,"footnotes":""},"categories":[176],"tags":[195],"class_list":["post-47937","post","type-post","status-publish","format-standard","has-post-thumbnail","hentry","category-nacional","tag-principal"],"amp_enabled":true,"_links":{"self":[{"href":"https:\/\/lahora.mx\/index.php\/wp-json\/wp\/v2\/posts\/47937","targetHints":{"allow":["GET"]}}],"collection":[{"href":"https:\/\/lahora.mx\/index.php\/wp-json\/wp\/v2\/posts"}],"about":[{"href":"https:\/\/lahora.mx\/index.php\/wp-json\/wp\/v2\/types\/post"}],"author":[{"embeddable":true,"href":"https:\/\/lahora.mx\/index.php\/wp-json\/wp\/v2\/users\/4"}],"replies":[{"embeddable":true,"href":"https:\/\/lahora.mx\/index.php\/wp-json\/wp\/v2\/comments?post=47937"}],"version-history":[{"count":1,"href":"https:\/\/lahora.mx\/index.php\/wp-json\/wp\/v2\/posts\/47937\/revisions"}],"predecessor-version":[{"id":47939,"href":"https:\/\/lahora.mx\/index.php\/wp-json\/wp\/v2\/posts\/47937\/revisions\/47939"}],"wp:featuredmedia":[{"embeddable":true,"href":"https:\/\/lahora.mx\/index.php\/wp-json\/wp\/v2\/media\/47938"}],"wp:attachment":[{"href":"https:\/\/lahora.mx\/index.php\/wp-json\/wp\/v2\/media?parent=47937"}],"wp:term":[{"taxonomy":"category","embeddable":true,"href":"https:\/\/lahora.mx\/index.php\/wp-json\/wp\/v2\/categories?post=47937"},{"taxonomy":"post_tag","embeddable":true,"href":"https:\/\/lahora.mx\/index.php\/wp-json\/wp\/v2\/tags?post=47937"}],"curies":[{"name":"wp","href":"https:\/\/api.w.org\/{rel}","templated":true}]}}