{"id":47927,"date":"2024-06-22T01:52:41","date_gmt":"2024-06-22T01:52:41","guid":{"rendered":"http:\/\/lahora.mx\/?p=47927"},"modified":"2024-06-22T01:52:43","modified_gmt":"2024-06-22T01:52:43","slug":"roban-6-mil-pasaportes-en-blanco-en-veracruz","status":"publish","type":"post","link":"https:\/\/lahora.mx\/index.php\/2024\/06\/22\/roban-6-mil-pasaportes-en-blanco-en-veracruz\/","title":{"rendered":"Roban 6 mil pasaportes en blanco en Veracruz"},"content":{"rendered":"\n<p>La Secretar\u00eda de Relaciones Exteriores emiti\u00f3 una alerta migratoria por el robo de papeler\u00eda para la elaboraci\u00f3n de pasaportes, cuyos paquetes fueron extra\u00eddos de una de las sedes en el estado de Veracruz.<\/p>\n\n\n\n<p>Aunque los informes se\u00f1alaban que se hab\u00eda tratado de un asalto carretero, en la Fiscal\u00eda General de la Rep\u00fablica hay denuncias por un saqueo hecho a una de las cuatro oficinas sede en la entidad.<\/p>\n\n\n\n<p>Presuntamente la papeler\u00eda sellada equivale a un total de 6 mil 177 cartillas de pasaporte en blanco y eran varios paquetes que ser\u00edan repartidos en sedes del sureste mexicano.<\/p>\n\n\n\n<p>El robo fue denunciado el pasado 18 de junio ante la subsede de la Fiscal\u00eda General de la Rep\u00fablica y fue emitida una alerta al Instituto Nacional de Migraci\u00f3n. Esta sustracci\u00f3n tambi\u00e9n fue reportada a todas las embajadas y consulados de M\u00e9xico en el extranjero, pues cuentan con n\u00famero de folio.<\/p>\n\n\n\n<p>Tambi\u00e9n fueron alertadas notar\u00edas p\u00fablicas, sistemas financieros y las instituciones migratorias internacionales.<\/p>\n\n\n\n<p>Autoridades consultadas sobre este robo se\u00f1alaron que estas cartillas podr\u00edan ser vendidas en el \u201cmercado negro\u201d y ofrecidas principalmente a migrantes centroamericanos y personas que viajan al exterior en busca de trabajo.<\/p>\n\n\n\n<p>Se\u00f1alaron que actualmente es com\u00fan observar este tipo de ofertas en p\u00e1ginas de Facebook en donde ofrecen tramitar pasaportes y visas.<\/p>\n","protected":false},"excerpt":{"rendered":"<p>La Secretar\u00eda de Relaciones Exteriores emiti\u00f3 una alerta migratoria por el robo de papeler\u00eda para la elaboraci\u00f3n de pasaportes, cuyos paquetes fueron extra\u00eddos de una de las sedes en el estado de Veracruz. Aunque los informes se\u00f1alaban que se hab\u00eda tratado de un asalto carretero, en la Fiscal\u00eda General de la Rep\u00fablica hay denuncias por [&hellip;]<\/p>\n","protected":false},"author":4,"featured_media":47928,"comment_status":"open","ping_status":"open","sticky":false,"template":"","format":"standard","meta":{"om_disable_all_campaigns":false,"_monsterinsights_skip_tracking":false,"_monsterinsights_sitenote_active":false,"_monsterinsights_sitenote_note":"","_monsterinsights_sitenote_category":0,"footnotes":""},"categories":[175,176,226],"tags":[195],"class_list":["post-47927","post","type-post","status-publish","format-standard","has-post-thumbnail","hentry","category-local","category-nacional","category-policia","tag-principal"],"amp_enabled":true,"_links":{"self":[{"href":"https:\/\/lahora.mx\/index.php\/wp-json\/wp\/v2\/posts\/47927","targetHints":{"allow":["GET"]}}],"collection":[{"href":"https:\/\/lahora.mx\/index.php\/wp-json\/wp\/v2\/posts"}],"about":[{"href":"https:\/\/lahora.mx\/index.php\/wp-json\/wp\/v2\/types\/post"}],"author":[{"embeddable":true,"href":"https:\/\/lahora.mx\/index.php\/wp-json\/wp\/v2\/users\/4"}],"replies":[{"embeddable":true,"href":"https:\/\/lahora.mx\/index.php\/wp-json\/wp\/v2\/comments?post=47927"}],"version-history":[{"count":1,"href":"https:\/\/lahora.mx\/index.php\/wp-json\/wp\/v2\/posts\/47927\/revisions"}],"predecessor-version":[{"id":47929,"href":"https:\/\/lahora.mx\/index.php\/wp-json\/wp\/v2\/posts\/47927\/revisions\/47929"}],"wp:featuredmedia":[{"embeddable":true,"href":"https:\/\/lahora.mx\/index.php\/wp-json\/wp\/v2\/media\/47928"}],"wp:attachment":[{"href":"https:\/\/lahora.mx\/index.php\/wp-json\/wp\/v2\/media?parent=47927"}],"wp:term":[{"taxonomy":"category","embeddable":true,"href":"https:\/\/lahora.mx\/index.php\/wp-json\/wp\/v2\/categories?post=47927"},{"taxonomy":"post_tag","embeddable":true,"href":"https:\/\/lahora.mx\/index.php\/wp-json\/wp\/v2\/tags?post=47927"}],"curies":[{"name":"wp","href":"https:\/\/api.w.org\/{rel}","templated":true}]}}