{"id":47924,"date":"2024-06-22T01:49:07","date_gmt":"2024-06-22T01:49:07","guid":{"rendered":"http:\/\/lahora.mx\/?p=47924"},"modified":"2024-06-22T01:49:07","modified_gmt":"2024-06-22T01:49:07","slug":"muere-rolo-hijo-adoptivo-de-martha-erika-alonso","status":"publish","type":"post","link":"https:\/\/lahora.mx\/index.php\/2024\/06\/22\/muere-rolo-hijo-adoptivo-de-martha-erika-alonso\/","title":{"rendered":"Muere \u201cRolo\u201d, hijo adoptivo de Martha Erika Alonso"},"content":{"rendered":"\n<p>Rodolfo Ram\u00edrez, hijo adoptivo de la fallecida exgobernadora de Puebla, Martha Erika Alonso, perdi\u00f3 la vida la madrugada de este jueves tras una larga lucha contra el c\u00e1ncer.<\/p>\n\n\n\n<p>\u201cRolo\u201d, como se le conoc\u00eda, padec\u00eda desde hace un tiempo c\u00e1ncer de piel y tras una larga batalla falleci\u00f3 este jueves.<\/p>\n\n\n\n<p>Aunque Martha \u00c9rika Alonso y Rafael Moreno Valle llevaban 14 a\u00f1os de casados y no ten\u00edan hijos biol\u00f3gicos, la exgobernadora de Puebla adopt\u00f3 a tres hermanos cuando fue presidenta del DIF estatal.<\/p>\n\n\n\n<p>Rodolfo Ram\u00edrez fue uno de esos tres hijos adoptivos, quien estudi\u00f3 en la Universidad de Arte y Dise\u00f1o \u201cUnarte\u201d.<\/p>\n\n\n\n<p>Accidente en el que murieron Martha Erika Alonso y Moreno Valle<br>El 24 de diciembre de 2018, la gobernadora de Puebla, Martha Erika Alonso, y su esposo, el exgobernador Rafael Moreno Valle, fallecieron al desplomarse el helic\u00f3ptero en el que viajaban.<\/p>\n\n\n\n<p>Autoridades federales confirmaron que la aeronave cay\u00f3 a las 14:40 horas sobre la comunidad de Santa Mar\u00eda de Coronango, a 10 minutos de despegar del helipuerto el Tri\u00e1ngulo de las \u00c1nimas.<\/p>\n\n\n\n<p>El helic\u00f3ptero era un Augusta, matr\u00edcula XEABON, propiedad de la empresa Servicios A\u00e9reos del Altiplano.<\/p>\n\n\n\n<p>En el tr\u00e1gico accidente tambi\u00e9n murieron el capit\u00e1n Roberto Cope Obreg\u00f3n y Marco Antonio Tavera, adem\u00e1s de H\u00e9ctor Baltazar, asistente del senador panista.<\/p>\n","protected":false},"excerpt":{"rendered":"<p>Rodolfo Ram\u00edrez, hijo adoptivo de la fallecida exgobernadora de Puebla, Martha Erika Alonso, perdi\u00f3 la vida la madrugada de este jueves tras una larga lucha contra el c\u00e1ncer. \u201cRolo\u201d, como se le conoc\u00eda, padec\u00eda desde hace un tiempo c\u00e1ncer de piel y tras una larga batalla falleci\u00f3 este jueves. Aunque Martha \u00c9rika Alonso y Rafael [&hellip;]<\/p>\n","protected":false},"author":4,"featured_media":47925,"comment_status":"open","ping_status":"open","sticky":false,"template":"","format":"standard","meta":{"om_disable_all_campaigns":false,"_monsterinsights_skip_tracking":false,"_monsterinsights_sitenote_active":false,"_monsterinsights_sitenote_note":"","_monsterinsights_sitenote_category":0,"footnotes":""},"categories":[175],"tags":[223],"class_list":["post-47924","post","type-post","status-publish","format-standard","has-post-thumbnail","hentry","category-local","tag-puebla"],"amp_enabled":true,"_links":{"self":[{"href":"https:\/\/lahora.mx\/index.php\/wp-json\/wp\/v2\/posts\/47924","targetHints":{"allow":["GET"]}}],"collection":[{"href":"https:\/\/lahora.mx\/index.php\/wp-json\/wp\/v2\/posts"}],"about":[{"href":"https:\/\/lahora.mx\/index.php\/wp-json\/wp\/v2\/types\/post"}],"author":[{"embeddable":true,"href":"https:\/\/lahora.mx\/index.php\/wp-json\/wp\/v2\/users\/4"}],"replies":[{"embeddable":true,"href":"https:\/\/lahora.mx\/index.php\/wp-json\/wp\/v2\/comments?post=47924"}],"version-history":[{"count":1,"href":"https:\/\/lahora.mx\/index.php\/wp-json\/wp\/v2\/posts\/47924\/revisions"}],"predecessor-version":[{"id":47926,"href":"https:\/\/lahora.mx\/index.php\/wp-json\/wp\/v2\/posts\/47924\/revisions\/47926"}],"wp:featuredmedia":[{"embeddable":true,"href":"https:\/\/lahora.mx\/index.php\/wp-json\/wp\/v2\/media\/47925"}],"wp:attachment":[{"href":"https:\/\/lahora.mx\/index.php\/wp-json\/wp\/v2\/media?parent=47924"}],"wp:term":[{"taxonomy":"category","embeddable":true,"href":"https:\/\/lahora.mx\/index.php\/wp-json\/wp\/v2\/categories?post=47924"},{"taxonomy":"post_tag","embeddable":true,"href":"https:\/\/lahora.mx\/index.php\/wp-json\/wp\/v2\/tags?post=47924"}],"curies":[{"name":"wp","href":"https:\/\/api.w.org\/{rel}","templated":true}]}}