{"id":47921,"date":"2024-06-22T01:45:31","date_gmt":"2024-06-22T01:45:31","guid":{"rendered":"http:\/\/lahora.mx\/?p=47921"},"modified":"2024-06-22T01:45:32","modified_gmt":"2024-06-22T01:45:32","slug":"publican-lineamientos-para-la-entrega-recepcion-entre-sergio-salomon-y-armenta","status":"publish","type":"post","link":"https:\/\/lahora.mx\/index.php\/2024\/06\/22\/publican-lineamientos-para-la-entrega-recepcion-entre-sergio-salomon-y-armenta\/","title":{"rendered":"Publican lineamientos para la entrega-recepci\u00f3n entre Sergio Salom\u00f3n y Armenta"},"content":{"rendered":"\n<p>En el Peri\u00f3dico Oficial del Estado (POE) se public\u00f3 el decreto de la Secretar\u00eda de la Funci\u00f3n P\u00fablica del Gobierno del Estado, por el que expide los Lineamientos para la Entrega-Recepci\u00f3n del cierre de gobierno del periodo 2019-2024.<\/p>\n\n\n\n<p>Mientras esta tarde, Carlos Reyes, subsecretario de Desarrollo Pol\u00edtico del gobierno de Sergio Salom\u00f3n C\u00e9spedes inform\u00f3 sobre la primera reuni\u00f3n de trabajo para el intercambio del reporte financiero, administrativo hasta jur\u00eddico de las diferentes dependencias del gobierno de Puebla<\/p>\n\n\n\n<p>\u201cSiguiendo las instrucciones del Gobernador Sergio Salomon, sostuve una reuni\u00f3n con el secretario de la Funci\u00f3n P\u00fablica, Juan Carlos Moreno Valle. El prop\u00f3sito fue dar seguimiento exhaustivo a los preparativos de la entrega-recepci\u00f3n\u201d<\/p>\n\n\n\n<p>publico en su cuenta X.<br>De acuerdo con el decreto, los titulares de las Dependencias y Entidades deber\u00e1n integrar la informaci\u00f3n correspondiente a los Anexos a que se refieren los Lineamientos para la Entrega-Recepci\u00f3n Individual, con corte al 13 de diciembre de 2024.<\/p>\n\n\n\n<p>\u201cDebi\u00e9ndose hacer constar en un acta de hechos elaborada ese mismo d\u00eda; para tal efecto la Secretar\u00eda dar\u00e1 a conocer las medidas que habr\u00e1n de observarse para el cumplimiento de esta obligaci\u00f3n\u201d<\/p>\n\n\n\n<p>a\u00f1ade.<br>Cada una de las Dependencias y Entidades tendr\u00e1n una mec\u00e1nica, calendarios, caracter\u00edsticas, t\u00e9rminos y condiciones en que se desarrollar\u00e1n los ejercicios de cierre de gobierno.<\/p>\n\n\n\n<p>Para este proceso se conformar\u00e1 una Comisi\u00f3n de Transici\u00f3n. Sergio Salom\u00f3n nombr\u00f3 a Javier Aquino, secretario de Gobernaci\u00f3n, como coordinador del comit\u00e9 de entrega-recepci\u00f3n, mientras que Armenta design\u00f3 en estas tareas a Rodrigo Abdala.<\/p>\n\n\n\n<p>El 17 de junio, el mandatario estatal Sergio Salom\u00f3n C\u00e9spedes, sostuvo una reuni\u00f3n con el Gabinete Estatal para dar seguimiento al proceso de entrega-recepci\u00f3n 2024, seg\u00fan inform\u00f3 a trav\u00e9s de su cuenta oficial de X.<\/p>\n\n\n\n<p>A menos de una semana de que arranc\u00f3 el proceso de transici\u00f3n del gobierno estatal entre Sergio Salom\u00f3n C\u00e9spedes y Alejandro Armenta Mier ya se han llevado a cabo al menos cuatro reuniones, entre ellas mesas de di\u00e1logo con legisladores federales y locales.<\/p>\n","protected":false},"excerpt":{"rendered":"<p>En el Peri\u00f3dico Oficial del Estado (POE) se public\u00f3 el decreto de la Secretar\u00eda de la Funci\u00f3n P\u00fablica del Gobierno del Estado, por el que expide los Lineamientos para la Entrega-Recepci\u00f3n del cierre de gobierno del periodo 2019-2024. Mientras esta tarde, Carlos Reyes, subsecretario de Desarrollo Pol\u00edtico del gobierno de Sergio Salom\u00f3n C\u00e9spedes inform\u00f3 sobre [&hellip;]<\/p>\n","protected":false},"author":4,"featured_media":47922,"comment_status":"open","ping_status":"open","sticky":false,"template":"","format":"standard","meta":{"om_disable_all_campaigns":false,"_monsterinsights_skip_tracking":false,"_monsterinsights_sitenote_active":false,"_monsterinsights_sitenote_note":"","_monsterinsights_sitenote_category":0,"footnotes":""},"categories":[175],"tags":[223],"class_list":["post-47921","post","type-post","status-publish","format-standard","has-post-thumbnail","hentry","category-local","tag-puebla"],"amp_enabled":true,"_links":{"self":[{"href":"https:\/\/lahora.mx\/index.php\/wp-json\/wp\/v2\/posts\/47921","targetHints":{"allow":["GET"]}}],"collection":[{"href":"https:\/\/lahora.mx\/index.php\/wp-json\/wp\/v2\/posts"}],"about":[{"href":"https:\/\/lahora.mx\/index.php\/wp-json\/wp\/v2\/types\/post"}],"author":[{"embeddable":true,"href":"https:\/\/lahora.mx\/index.php\/wp-json\/wp\/v2\/users\/4"}],"replies":[{"embeddable":true,"href":"https:\/\/lahora.mx\/index.php\/wp-json\/wp\/v2\/comments?post=47921"}],"version-history":[{"count":1,"href":"https:\/\/lahora.mx\/index.php\/wp-json\/wp\/v2\/posts\/47921\/revisions"}],"predecessor-version":[{"id":47923,"href":"https:\/\/lahora.mx\/index.php\/wp-json\/wp\/v2\/posts\/47921\/revisions\/47923"}],"wp:featuredmedia":[{"embeddable":true,"href":"https:\/\/lahora.mx\/index.php\/wp-json\/wp\/v2\/media\/47922"}],"wp:attachment":[{"href":"https:\/\/lahora.mx\/index.php\/wp-json\/wp\/v2\/media?parent=47921"}],"wp:term":[{"taxonomy":"category","embeddable":true,"href":"https:\/\/lahora.mx\/index.php\/wp-json\/wp\/v2\/categories?post=47921"},{"taxonomy":"post_tag","embeddable":true,"href":"https:\/\/lahora.mx\/index.php\/wp-json\/wp\/v2\/tags?post=47921"}],"curies":[{"name":"wp","href":"https:\/\/api.w.org\/{rel}","templated":true}]}}