{"id":47915,"date":"2024-06-22T00:40:37","date_gmt":"2024-06-22T00:40:37","guid":{"rendered":"http:\/\/lahora.mx\/?p=47915"},"modified":"2024-06-22T00:40:37","modified_gmt":"2024-06-22T00:40:37","slug":"marcelo-ebrard-cierra-la-puerta-a-modificar-reforma-al-poder-judicial","status":"publish","type":"post","link":"https:\/\/lahora.mx\/index.php\/2024\/06\/22\/marcelo-ebrard-cierra-la-puerta-a-modificar-reforma-al-poder-judicial\/","title":{"rendered":"Marcelo Ebrard \u2018cierra la puerta\u2019 a modificar reforma al Poder Judicial"},"content":{"rendered":"\n<p>La reforma al Poder Judicial se ha convertido en tema de contrastes. En Morena, partido que arropa dicho proyecto, se han dejado ver discrepancias entre los militantes que apoyan al presidente Andr\u00e9s Manuel L\u00f3pez Obrador para apresurar la aprobaci\u00f3n de la reforma y aquellos que prefieren un di\u00e1logo antes de mover cualquier ficha.<\/p>\n\n\n\n<p>Marcelo Ebrard pertenece al segundo grupo. Aunque el ex canciller de M\u00e9xico manifiesta una sinton\u00eda (casi) parecida al mandatario federal, en diversas ocasiones ha asegurado que es dif\u00edcil realizar cambios radicales a la reforma del Poder Judicial.<\/p>\n\n\n\n<p>Este martes18 de junio, en entrevista con medios, Ebrard se\u00f1al\u00f3 que \u2018todo se puede perfeccionar, pero no habr\u00e1 cambios sustanciales\u2019, refiri\u00e9ndose al proyecto judicial, que plantea que los jueces y ministros sean electos por voto popular.<\/p>\n\n\n\n<p>Adem\u00e1s, expres\u00f3 que durante su campa\u00f1a, la virtual presidenta, Claudia Sheinbaum prometi\u00f3 dialogar antes de tomar alguna decisi\u00f3n sobre la pol\u00e9mica propuesta: \u2018No podr\u00edas modificar sustancialmente el contenido de lo que llevaste a la elecci\u00f3n, porque \u00bfentonces para qu\u00e9 la llevaste?\u2019.<\/p>\n\n\n\n<p>El pasado 2 de junio, tras la aplastante victoria de Claudia Sheinbaum en las elecciones presidenciales, y la excepcional mayor\u00eda en el Congreso de Morena, los mercados colapsaron y el peso sufri\u00f3 una de sus peores ca\u00eddas. Los inversionistas se encuentran en la incertidumbre de saber qu\u00e9 cambios constitucionales habr\u00e1 con la mayor\u00eda del partido oficialista en las C\u00e1maras.<\/p>\n\n\n\n<p>\u00bfCu\u00e1l es el puesto actual de Marcelo Ebrard?<br>Marcelo Ebrard jug\u00f3 un importante papel durante la campa\u00f1a de la virtual presidente, Claudia Sheinbaum. Sin embargo, el ex secretario de Relaciones Exteriores del gobierno de L\u00f3pez Obrador, ha anunciado que tiene sus propios planes.<\/p>\n\n\n\n<p>A unos d\u00edas de que Sheinbaum de a conocer su gabinete, Ebrard asegur\u00f3 que no fue convocado. \u2018No, a m\u00ed no me han invitado, ya les dir\u00e9, a ver de qu\u00e9 es lo que nos enteramos\u2019, se\u00f1al\u00f3. Pero el exfuncionario, quien fue uno de los hombres m\u00e1s cercano del presidente, tiene un lugar asegurado en la C\u00e1mara de Diputados.<\/p>\n","protected":false},"excerpt":{"rendered":"<p>La reforma al Poder Judicial se ha convertido en tema de contrastes. En Morena, partido que arropa dicho proyecto, se han dejado ver discrepancias entre los militantes que apoyan al presidente Andr\u00e9s Manuel L\u00f3pez Obrador para apresurar la aprobaci\u00f3n de la reforma y aquellos que prefieren un di\u00e1logo antes de mover cualquier ficha. Marcelo Ebrard [&hellip;]<\/p>\n","protected":false},"author":4,"featured_media":47916,"comment_status":"open","ping_status":"open","sticky":false,"template":"","format":"standard","meta":{"om_disable_all_campaigns":false,"_monsterinsights_skip_tracking":false,"_monsterinsights_sitenote_active":false,"_monsterinsights_sitenote_note":"","_monsterinsights_sitenote_category":0,"footnotes":""},"categories":[176],"tags":[],"class_list":["post-47915","post","type-post","status-publish","format-standard","has-post-thumbnail","hentry","category-nacional"],"amp_enabled":true,"_links":{"self":[{"href":"https:\/\/lahora.mx\/index.php\/wp-json\/wp\/v2\/posts\/47915","targetHints":{"allow":["GET"]}}],"collection":[{"href":"https:\/\/lahora.mx\/index.php\/wp-json\/wp\/v2\/posts"}],"about":[{"href":"https:\/\/lahora.mx\/index.php\/wp-json\/wp\/v2\/types\/post"}],"author":[{"embeddable":true,"href":"https:\/\/lahora.mx\/index.php\/wp-json\/wp\/v2\/users\/4"}],"replies":[{"embeddable":true,"href":"https:\/\/lahora.mx\/index.php\/wp-json\/wp\/v2\/comments?post=47915"}],"version-history":[{"count":1,"href":"https:\/\/lahora.mx\/index.php\/wp-json\/wp\/v2\/posts\/47915\/revisions"}],"predecessor-version":[{"id":47917,"href":"https:\/\/lahora.mx\/index.php\/wp-json\/wp\/v2\/posts\/47915\/revisions\/47917"}],"wp:featuredmedia":[{"embeddable":true,"href":"https:\/\/lahora.mx\/index.php\/wp-json\/wp\/v2\/media\/47916"}],"wp:attachment":[{"href":"https:\/\/lahora.mx\/index.php\/wp-json\/wp\/v2\/media?parent=47915"}],"wp:term":[{"taxonomy":"category","embeddable":true,"href":"https:\/\/lahora.mx\/index.php\/wp-json\/wp\/v2\/categories?post=47915"},{"taxonomy":"post_tag","embeddable":true,"href":"https:\/\/lahora.mx\/index.php\/wp-json\/wp\/v2\/tags?post=47915"}],"curies":[{"name":"wp","href":"https:\/\/api.w.org\/{rel}","templated":true}]}}