{"id":47768,"date":"2024-06-19T16:32:27","date_gmt":"2024-06-19T16:32:27","guid":{"rendered":"http:\/\/lahora.mx\/?p=47768"},"modified":"2024-06-19T16:32:28","modified_gmt":"2024-06-19T16:32:28","slug":"asegura-cfe-estar-listo-ante-eventuales-apagones-por-alberto","status":"publish","type":"post","link":"https:\/\/lahora.mx\/index.php\/2024\/06\/19\/asegura-cfe-estar-listo-ante-eventuales-apagones-por-alberto\/","title":{"rendered":"Asegura CFE estar listo ante eventuales apagones por \u201cAlberto\u201d"},"content":{"rendered":"\n<p>Debido a la evoluci\u00f3n que el Cicl\u00f3n Tropical \u201cUno\u201d presenta -transform\u00e1ndose en Tormenta Tropical denominada \u201cAlberto\u201d- la Comisi\u00f3n Federal de Electricidad (CFE) confirm\u00f3 estar preparada log\u00edstica y materialmente para enfrentar cualquier clase de apagones que pudieran presentarse debido a las fuertes lluvias en los estados de Nuevo Le\u00f3n, Tamaulipas y Veracruz.<\/p>\n\n\n\n<p>La dependencia federal asegur\u00f3 contar con mil 508 trabajadores, 309 gr\u00faas, 445 veh\u00edculos, 11 veh\u00edculos todo terreno, cinco helic\u00f3pteros, as\u00ed como 45 plantas de emergencia y 44 torres de iluminaci\u00f3n para enfrentar esta situaci\u00f3n.<\/p>\n\n\n\n<p>De acuerdo con reportes del Sistema Meteorol\u00f3gico Nacional (SMN) ser\u00e1 la noche de este mi\u00e9rcoles 19 de junio cuando el todav\u00eda Cicl\u00f3n Tropical \u201cUno\u201d haga contacto primeramente con los municipios Soto la Marina y Aldama ubicados en Tamaulipas, pero ser\u00e1 hasta la madrugada del jueves en donde finalmente \u201cUno\u201d pasar\u00e1 a convertirse en la Tormenta Tropical \u201cAlberto\u201d.<br>Entre las dependencias con las que la CFE actualmente colabora para hacer frente a \u201cUno\u201d, se encuentran la Secretar\u00eda de Defensa Nacional, Secretar\u00eda de Marina, Comisi\u00f3n Nacional del Agua, Secretar\u00eda de Salud y Protecci\u00f3n Civil.<\/p>\n","protected":false},"excerpt":{"rendered":"<p>Debido a la evoluci\u00f3n que el Cicl\u00f3n Tropical \u201cUno\u201d presenta -transform\u00e1ndose en Tormenta Tropical denominada \u201cAlberto\u201d- la Comisi\u00f3n Federal de Electricidad (CFE) confirm\u00f3 estar preparada log\u00edstica y materialmente para enfrentar cualquier clase de apagones que pudieran presentarse debido a las fuertes lluvias en los estados de Nuevo Le\u00f3n, Tamaulipas y Veracruz. La dependencia federal asegur\u00f3 [&hellip;]<\/p>\n","protected":false},"author":4,"featured_media":47769,"comment_status":"open","ping_status":"open","sticky":false,"template":"","format":"standard","meta":{"om_disable_all_campaigns":false,"_monsterinsights_skip_tracking":false,"_monsterinsights_sitenote_active":false,"_monsterinsights_sitenote_note":"","_monsterinsights_sitenote_category":0,"footnotes":""},"categories":[175],"tags":[],"class_list":["post-47768","post","type-post","status-publish","format-standard","has-post-thumbnail","hentry","category-local"],"amp_enabled":true,"_links":{"self":[{"href":"https:\/\/lahora.mx\/index.php\/wp-json\/wp\/v2\/posts\/47768","targetHints":{"allow":["GET"]}}],"collection":[{"href":"https:\/\/lahora.mx\/index.php\/wp-json\/wp\/v2\/posts"}],"about":[{"href":"https:\/\/lahora.mx\/index.php\/wp-json\/wp\/v2\/types\/post"}],"author":[{"embeddable":true,"href":"https:\/\/lahora.mx\/index.php\/wp-json\/wp\/v2\/users\/4"}],"replies":[{"embeddable":true,"href":"https:\/\/lahora.mx\/index.php\/wp-json\/wp\/v2\/comments?post=47768"}],"version-history":[{"count":1,"href":"https:\/\/lahora.mx\/index.php\/wp-json\/wp\/v2\/posts\/47768\/revisions"}],"predecessor-version":[{"id":47770,"href":"https:\/\/lahora.mx\/index.php\/wp-json\/wp\/v2\/posts\/47768\/revisions\/47770"}],"wp:featuredmedia":[{"embeddable":true,"href":"https:\/\/lahora.mx\/index.php\/wp-json\/wp\/v2\/media\/47769"}],"wp:attachment":[{"href":"https:\/\/lahora.mx\/index.php\/wp-json\/wp\/v2\/media?parent=47768"}],"wp:term":[{"taxonomy":"category","embeddable":true,"href":"https:\/\/lahora.mx\/index.php\/wp-json\/wp\/v2\/categories?post=47768"},{"taxonomy":"post_tag","embeddable":true,"href":"https:\/\/lahora.mx\/index.php\/wp-json\/wp\/v2\/tags?post=47768"}],"curies":[{"name":"wp","href":"https:\/\/api.w.org\/{rel}","templated":true}]}}