{"id":47765,"date":"2024-06-19T16:29:18","date_gmt":"2024-06-19T16:29:18","guid":{"rendered":"http:\/\/lahora.mx\/?p=47765"},"modified":"2024-06-19T16:29:18","modified_gmt":"2024-06-19T16:29:18","slug":"abuelito-con-depresion-se-suicida-dentro-de-una-empresa","status":"publish","type":"post","link":"https:\/\/lahora.mx\/index.php\/2024\/06\/19\/abuelito-con-depresion-se-suicida-dentro-de-una-empresa\/","title":{"rendered":"Abuelito con depresi\u00f3n se suicida dentro de una empresa"},"content":{"rendered":"\n<p>Al interior de una empresa llamada \u201cMega Color\u201d, ubicada en el Centro hist\u00f3rico de Puebla, fue localizado el cad\u00e1ver de un hombre suspendido de una soga. El var\u00f3n que se habr\u00eda quitado la vida contaba con 70 a\u00f1os de edad y ten\u00eda una enfermedad que le provoc\u00f3 un fuerte cuadro de depresi\u00f3n.<\/p>\n\n\n\n<p>Este hallazgo ocurri\u00f3 durante las primeras horas de este mi\u00e9rcoles 19 de junio, cuando un hombre identificado como Guillermo, de 70 a\u00f1os de edad, termin\u00f3 con su vida al colgarse dentro de la citada empresa ubicada sobre la 7 Poniente, del Centro Hist\u00f3rico.<\/p>\n\n\n\n<p>Familiares y empleados de \u201cMega Color\u201d al ver la escena solicitaron el apoyo de los cuerpos de emergencia, quienes s\u00f3lo lograron confirmar que el hombre de la tercera edad ya no ten\u00eda signos vitales.<\/p>\n\n\n\n<p>Los familiares de Guillermo mencionaron a las autoridades que el hombre padec\u00eda una fuerte depresi\u00f3n a causa de una enfermedad que le fue diagnosticada un a\u00f1o antes.<br>Finalmente, el negocio tuvo que ser acordonado y se le dio aviso a la Fiscal\u00eda General del Estado (FGE) para realizar el levantamiento del cuerpo y dar inicio a las investigaciones correspondientes.<\/p>\n","protected":false},"excerpt":{"rendered":"<p>Al interior de una empresa llamada \u201cMega Color\u201d, ubicada en el Centro hist\u00f3rico de Puebla, fue localizado el cad\u00e1ver de un hombre suspendido de una soga. El var\u00f3n que se habr\u00eda quitado la vida contaba con 70 a\u00f1os de edad y ten\u00eda una enfermedad que le provoc\u00f3 un fuerte cuadro de depresi\u00f3n. Este hallazgo ocurri\u00f3 [&hellip;]<\/p>\n","protected":false},"author":4,"featured_media":47766,"comment_status":"open","ping_status":"open","sticky":false,"template":"","format":"standard","meta":{"om_disable_all_campaigns":false,"_monsterinsights_skip_tracking":false,"_monsterinsights_sitenote_active":false,"_monsterinsights_sitenote_note":"","_monsterinsights_sitenote_category":0,"footnotes":""},"categories":[175,226],"tags":[223],"class_list":["post-47765","post","type-post","status-publish","format-standard","has-post-thumbnail","hentry","category-local","category-policia","tag-puebla"],"amp_enabled":true,"_links":{"self":[{"href":"https:\/\/lahora.mx\/index.php\/wp-json\/wp\/v2\/posts\/47765","targetHints":{"allow":["GET"]}}],"collection":[{"href":"https:\/\/lahora.mx\/index.php\/wp-json\/wp\/v2\/posts"}],"about":[{"href":"https:\/\/lahora.mx\/index.php\/wp-json\/wp\/v2\/types\/post"}],"author":[{"embeddable":true,"href":"https:\/\/lahora.mx\/index.php\/wp-json\/wp\/v2\/users\/4"}],"replies":[{"embeddable":true,"href":"https:\/\/lahora.mx\/index.php\/wp-json\/wp\/v2\/comments?post=47765"}],"version-history":[{"count":1,"href":"https:\/\/lahora.mx\/index.php\/wp-json\/wp\/v2\/posts\/47765\/revisions"}],"predecessor-version":[{"id":47767,"href":"https:\/\/lahora.mx\/index.php\/wp-json\/wp\/v2\/posts\/47765\/revisions\/47767"}],"wp:featuredmedia":[{"embeddable":true,"href":"https:\/\/lahora.mx\/index.php\/wp-json\/wp\/v2\/media\/47766"}],"wp:attachment":[{"href":"https:\/\/lahora.mx\/index.php\/wp-json\/wp\/v2\/media?parent=47765"}],"wp:term":[{"taxonomy":"category","embeddable":true,"href":"https:\/\/lahora.mx\/index.php\/wp-json\/wp\/v2\/categories?post=47765"},{"taxonomy":"post_tag","embeddable":true,"href":"https:\/\/lahora.mx\/index.php\/wp-json\/wp\/v2\/tags?post=47765"}],"curies":[{"name":"wp","href":"https:\/\/api.w.org\/{rel}","templated":true}]}}