{"id":47759,"date":"2024-06-19T16:20:16","date_gmt":"2024-06-19T16:20:16","guid":{"rendered":"http:\/\/lahora.mx\/?p=47759"},"modified":"2024-06-19T16:20:17","modified_gmt":"2024-06-19T16:20:17","slug":"armenta-y-barroso-acuerdan-trabajo-en-conjunto-por-tehuacan","status":"publish","type":"post","link":"https:\/\/lahora.mx\/index.php\/2024\/06\/19\/armenta-y-barroso-acuerdan-trabajo-en-conjunto-por-tehuacan\/","title":{"rendered":"Armenta y Barroso acuerdan trabajo en conjunto por Tehuac\u00e1n"},"content":{"rendered":"\n<p>El gobernador electo de Puebla, Alejandro Armenta Mier, se reuni\u00f3 el pasado 17 de junio con el doctor Alejandro Barroso Ch\u00e1vez, presiente electo del municipio de Tehuac\u00e1n, como parte de las reuniones que encabeza el pr\u00f3ximo titular del Ejecutivo estatal.<\/p>\n\n\n\n<p>En dicha reuni\u00f3n de trabajo y convivencia, ambos Alejandros refrendaron su compromiso por trabajar de la mano y sumar esfuerzos para el bien de Tehuac\u00e1n y sus ciudadanos.<\/p>\n\n\n\n<p>La demarcaci\u00f3n de Tehuac\u00e1n ha tenido varios trienios de malos gobiernos, por lo que ambos convinieron, frente a empresarios y ciudadanos, trabajar en conjunto, tanto gobierno estatal como municipal, como no se ha hecho en varios a\u00f1os.<\/p>\n\n\n\n<p>Despu\u00e9s de su reuni\u00f3n privada, en la que tambi\u00e9n estuvieron algunos empresarios, se llev\u00f3 a cabo una conferencia de prensa donde una de las preguntas fue sobre la guerra sucia y la administraci\u00f3n que encabezar\u00e1 el doctor Alejandro Barroso.<br>Barroso contest\u00f3 firme que los chismes y calumnias son eso y nada m\u00e1s, adem\u00e1s enfatiz\u00f3 que su gobierno ser\u00e1 transparente y que gobernar\u00e1 con tehuacaneros preparados y de la mano con Alejandro Armenta, gobernador electo del estado, y alineado con la doctora y virtual presidenta de M\u00e9xico, Claudia Sheinbaum Pardo.<\/p>\n","protected":false},"excerpt":{"rendered":"<p>El gobernador electo de Puebla, Alejandro Armenta Mier, se reuni\u00f3 el pasado 17 de junio con el doctor Alejandro Barroso Ch\u00e1vez, presiente electo del municipio de Tehuac\u00e1n, como parte de las reuniones que encabeza el pr\u00f3ximo titular del Ejecutivo estatal. En dicha reuni\u00f3n de trabajo y convivencia, ambos Alejandros refrendaron su compromiso por trabajar de [&hellip;]<\/p>\n","protected":false},"author":4,"featured_media":47760,"comment_status":"open","ping_status":"open","sticky":false,"template":"","format":"standard","meta":{"om_disable_all_campaigns":false,"_monsterinsights_skip_tracking":false,"_monsterinsights_sitenote_active":false,"_monsterinsights_sitenote_note":"","_monsterinsights_sitenote_category":0,"footnotes":""},"categories":[175],"tags":[128,223],"class_list":["post-47759","post","type-post","status-publish","format-standard","has-post-thumbnail","hentry","category-local","tag-politics","tag-puebla"],"amp_enabled":true,"_links":{"self":[{"href":"https:\/\/lahora.mx\/index.php\/wp-json\/wp\/v2\/posts\/47759","targetHints":{"allow":["GET"]}}],"collection":[{"href":"https:\/\/lahora.mx\/index.php\/wp-json\/wp\/v2\/posts"}],"about":[{"href":"https:\/\/lahora.mx\/index.php\/wp-json\/wp\/v2\/types\/post"}],"author":[{"embeddable":true,"href":"https:\/\/lahora.mx\/index.php\/wp-json\/wp\/v2\/users\/4"}],"replies":[{"embeddable":true,"href":"https:\/\/lahora.mx\/index.php\/wp-json\/wp\/v2\/comments?post=47759"}],"version-history":[{"count":1,"href":"https:\/\/lahora.mx\/index.php\/wp-json\/wp\/v2\/posts\/47759\/revisions"}],"predecessor-version":[{"id":47761,"href":"https:\/\/lahora.mx\/index.php\/wp-json\/wp\/v2\/posts\/47759\/revisions\/47761"}],"wp:featuredmedia":[{"embeddable":true,"href":"https:\/\/lahora.mx\/index.php\/wp-json\/wp\/v2\/media\/47760"}],"wp:attachment":[{"href":"https:\/\/lahora.mx\/index.php\/wp-json\/wp\/v2\/media?parent=47759"}],"wp:term":[{"taxonomy":"category","embeddable":true,"href":"https:\/\/lahora.mx\/index.php\/wp-json\/wp\/v2\/categories?post=47759"},{"taxonomy":"post_tag","embeddable":true,"href":"https:\/\/lahora.mx\/index.php\/wp-json\/wp\/v2\/tags?post=47759"}],"curies":[{"name":"wp","href":"https:\/\/api.w.org\/{rel}","templated":true}]}}