{"id":47752,"date":"2024-06-19T04:01:08","date_gmt":"2024-06-19T04:01:08","guid":{"rendered":"http:\/\/lahora.mx\/?p=47752"},"modified":"2024-06-19T04:01:09","modified_gmt":"2024-06-19T04:01:09","slug":"entrada-de-ciclon-uno-provoca-fuertes-lluvias-con-granizo-en-puebla","status":"publish","type":"post","link":"https:\/\/lahora.mx\/index.php\/2024\/06\/19\/entrada-de-ciclon-uno-provoca-fuertes-lluvias-con-granizo-en-puebla\/","title":{"rendered":"Entrada de cicl\u00f3n UNO provoca fuertes lluvias con granizo en Puebla"},"content":{"rendered":"\n<p>La tarde de este martes, diversos puntos de la capital poblana registraron lluvias y ca\u00edda de granizo, dejando calles inundadas y autom\u00f3viles varados.<\/p>\n\n\n\n<p>Colonias como Boques de San Sebasti\u00e1n, Amalucan, Bulevard Norte, Centro Hist\u00f3rico y La Mar\u00eda se vieron afectadas por las fuertes lluvias acompa\u00f1adas de granizo.<\/p>\n\n\n\n<p>Otras colonias donde tambi\u00e9n se registraron fuertes lluvias e inundaciones fue en Las Torres, 14 Sur, Circuito Juan Pablo II, Bulevar Hermanos Serd\u00e1n, Bulevar 5 de Mayo, Avenida Ju\u00e1rez, Calzada Zavaleta y Diagonal Defensores de la Rep\u00fablica donde el agua de la lluvia alcanz\u00f3 cerca de los 35 cent\u00edmetros.<\/p>\n\n\n\n<p>Cabe mencionar que, Protecci\u00f3n Civil inform\u00f3 que en los pr\u00f3ximos d\u00edas se espera un temporal de lluvias debido al cicl\u00f3n tropical UNO.<\/p>\n\n\n\n<p>Asimismo, se recomend\u00f3 no cruzar r\u00edos o barrancas, mantener limpios y despejados los desag\u00fces y alcantarillas, y no arrojar basura a la calle.<\/p>\n\n\n\n<p>Por lo anterior, se exhorta a la poblaci\u00f3n a no resguardarse bajo \u00e1rboles, manejar con precauci\u00f3n, as\u00ed como con las luces encendidas.<\/p>\n","protected":false},"excerpt":{"rendered":"<p>La tarde de este martes, diversos puntos de la capital poblana registraron lluvias y ca\u00edda de granizo, dejando calles inundadas y autom\u00f3viles varados. Colonias como Boques de San Sebasti\u00e1n, Amalucan, Bulevard Norte, Centro Hist\u00f3rico y La Mar\u00eda se vieron afectadas por las fuertes lluvias acompa\u00f1adas de granizo. Otras colonias donde tambi\u00e9n se registraron fuertes lluvias [&hellip;]<\/p>\n","protected":false},"author":4,"featured_media":47753,"comment_status":"open","ping_status":"open","sticky":false,"template":"","format":"standard","meta":{"om_disable_all_campaigns":false,"_monsterinsights_skip_tracking":false,"_monsterinsights_sitenote_active":false,"_monsterinsights_sitenote_note":"","_monsterinsights_sitenote_category":0,"footnotes":""},"categories":[175],"tags":[223],"class_list":["post-47752","post","type-post","status-publish","format-standard","has-post-thumbnail","hentry","category-local","tag-puebla"],"amp_enabled":true,"_links":{"self":[{"href":"https:\/\/lahora.mx\/index.php\/wp-json\/wp\/v2\/posts\/47752","targetHints":{"allow":["GET"]}}],"collection":[{"href":"https:\/\/lahora.mx\/index.php\/wp-json\/wp\/v2\/posts"}],"about":[{"href":"https:\/\/lahora.mx\/index.php\/wp-json\/wp\/v2\/types\/post"}],"author":[{"embeddable":true,"href":"https:\/\/lahora.mx\/index.php\/wp-json\/wp\/v2\/users\/4"}],"replies":[{"embeddable":true,"href":"https:\/\/lahora.mx\/index.php\/wp-json\/wp\/v2\/comments?post=47752"}],"version-history":[{"count":1,"href":"https:\/\/lahora.mx\/index.php\/wp-json\/wp\/v2\/posts\/47752\/revisions"}],"predecessor-version":[{"id":47754,"href":"https:\/\/lahora.mx\/index.php\/wp-json\/wp\/v2\/posts\/47752\/revisions\/47754"}],"wp:featuredmedia":[{"embeddable":true,"href":"https:\/\/lahora.mx\/index.php\/wp-json\/wp\/v2\/media\/47753"}],"wp:attachment":[{"href":"https:\/\/lahora.mx\/index.php\/wp-json\/wp\/v2\/media?parent=47752"}],"wp:term":[{"taxonomy":"category","embeddable":true,"href":"https:\/\/lahora.mx\/index.php\/wp-json\/wp\/v2\/categories?post=47752"},{"taxonomy":"post_tag","embeddable":true,"href":"https:\/\/lahora.mx\/index.php\/wp-json\/wp\/v2\/tags?post=47752"}],"curies":[{"name":"wp","href":"https:\/\/api.w.org\/{rel}","templated":true}]}}