{"id":47749,"date":"2024-06-19T03:56:54","date_gmt":"2024-06-19T03:56:54","guid":{"rendered":"http:\/\/lahora.mx\/?p=47749"},"modified":"2024-06-19T03:56:54","modified_gmt":"2024-06-19T03:56:54","slug":"presenta-la-gobernadora-lorena-cuellar-funcion-de-box-para-el-palenque-de-tlaxcala","status":"publish","type":"post","link":"https:\/\/lahora.mx\/index.php\/2024\/06\/19\/presenta-la-gobernadora-lorena-cuellar-funcion-de-box-para-el-palenque-de-tlaxcala\/","title":{"rendered":"Presenta la gobernadora Lorena Cu\u00e9llar funci\u00f3n de box para el Palenque de Tlaxcala"},"content":{"rendered":"\n<p>Para el gobierno del estado ha sido una lucha permanente buscar los mejores escenarios que logren que Tlaxcala se destaque en el \u00e1mbito deportivo, se\u00f1al\u00f3 la mandataria Lorena Cu\u00e9llar Cisneros, con la presentaci\u00f3n de la cartelera de Box Internacional a realizarse el pr\u00f3ximo 27 de julio en el Palenque de Tlaxcala, con figuras como Miguel \u201cAlacr\u00e1n\u201d Berchelt y Marilyn Badillo.<\/p>\n\n\n\n<p>Por ello, contin\u00faa con la creaci\u00f3n del Centro Deportivo de Alto Rendimiento, se\u00f1alando que la pista que se estar\u00e1 construyendo su infraestructura proviene de Par\u00eds, Francia, mientras que albergar\u00e1 37 disciplinas deportivas.<\/p>\n\n\n\n<p>La gobernadora se\u00f1al\u00f3 que se busca dar diversas opciones a los j\u00f3venes para conocer, no s\u00f3lo ramas del deporte, tambi\u00e9n otras partes del mundo.<\/p>\n\n\n\n<p>Tambi\u00e9n, se busca que el deporte disminuya los \u00edndices de suicidio, depresi\u00f3n o inseguridad, por lo que adelant\u00f3 que tambi\u00e9n se llevar\u00e1n distintas disciplinas deportivas a reos confiando que, con ello, se espera salgan reformados y eviten caer nuevamente en la delincuencia.<\/p>\n\n\n\n<p>El pr\u00f3ximo 27 de julio se presentar\u00e1n en Tlaxcala cinco t\u00edtulos internacionales, dos femeninos y tres masculinos avalados por el Consejo Mundial de Boxeo (CMB).<\/p>\n\n\n\n<p>Tambi\u00e9n se contar\u00e1 con la participaci\u00f3n en la funci\u00f3n box\u00edstica del tlaxcalteca David Potrero y los bajacalifornianos Israel Ram\u00edrez y Melisa Meraz, se estima un aforo de 5 mil aficionados.<\/p>\n\n\n\n<p>Finalmente, el presidente del WBC, Mauricio Sulaim\u00e1n, agradeci\u00f3 al gobierno del estado por su participaci\u00f3n reconociendo que Tlaxcala es sede de los deportistas.<\/p>\n","protected":false},"excerpt":{"rendered":"<p>Para el gobierno del estado ha sido una lucha permanente buscar los mejores escenarios que logren que Tlaxcala se destaque en el \u00e1mbito deportivo, se\u00f1al\u00f3 la mandataria Lorena Cu\u00e9llar Cisneros, con la presentaci\u00f3n de la cartelera de Box Internacional a realizarse el pr\u00f3ximo 27 de julio en el Palenque de Tlaxcala, con figuras como Miguel [&hellip;]<\/p>\n","protected":false},"author":4,"featured_media":47750,"comment_status":"open","ping_status":"open","sticky":false,"template":"","format":"standard","meta":{"om_disable_all_campaigns":false,"_monsterinsights_skip_tracking":false,"_monsterinsights_sitenote_active":false,"_monsterinsights_sitenote_note":"","_monsterinsights_sitenote_category":0,"footnotes":""},"categories":[175],"tags":[223,210],"class_list":["post-47749","post","type-post","status-publish","format-standard","has-post-thumbnail","hentry","category-local","tag-puebla","tag-tlaxcala"],"amp_enabled":true,"_links":{"self":[{"href":"https:\/\/lahora.mx\/index.php\/wp-json\/wp\/v2\/posts\/47749","targetHints":{"allow":["GET"]}}],"collection":[{"href":"https:\/\/lahora.mx\/index.php\/wp-json\/wp\/v2\/posts"}],"about":[{"href":"https:\/\/lahora.mx\/index.php\/wp-json\/wp\/v2\/types\/post"}],"author":[{"embeddable":true,"href":"https:\/\/lahora.mx\/index.php\/wp-json\/wp\/v2\/users\/4"}],"replies":[{"embeddable":true,"href":"https:\/\/lahora.mx\/index.php\/wp-json\/wp\/v2\/comments?post=47749"}],"version-history":[{"count":1,"href":"https:\/\/lahora.mx\/index.php\/wp-json\/wp\/v2\/posts\/47749\/revisions"}],"predecessor-version":[{"id":47751,"href":"https:\/\/lahora.mx\/index.php\/wp-json\/wp\/v2\/posts\/47749\/revisions\/47751"}],"wp:featuredmedia":[{"embeddable":true,"href":"https:\/\/lahora.mx\/index.php\/wp-json\/wp\/v2\/media\/47750"}],"wp:attachment":[{"href":"https:\/\/lahora.mx\/index.php\/wp-json\/wp\/v2\/media?parent=47749"}],"wp:term":[{"taxonomy":"category","embeddable":true,"href":"https:\/\/lahora.mx\/index.php\/wp-json\/wp\/v2\/categories?post=47749"},{"taxonomy":"post_tag","embeddable":true,"href":"https:\/\/lahora.mx\/index.php\/wp-json\/wp\/v2\/tags?post=47749"}],"curies":[{"name":"wp","href":"https:\/\/api.w.org\/{rel}","templated":true}]}}