{"id":47746,"date":"2024-06-19T01:25:21","date_gmt":"2024-06-19T01:25:21","guid":{"rendered":"http:\/\/lahora.mx\/?p=47746"},"modified":"2024-06-19T01:25:22","modified_gmt":"2024-06-19T01:25:22","slug":"movimiento-ciudadano-impugna-reparticion-de-diputaciones-plurinominales","status":"publish","type":"post","link":"https:\/\/lahora.mx\/index.php\/2024\/06\/19\/movimiento-ciudadano-impugna-reparticion-de-diputaciones-plurinominales\/","title":{"rendered":"Movimiento Ciudadano impugna repartici\u00f3n de diputaciones plurinominales"},"content":{"rendered":"\n<p>El partido estatal Movimiento Ciudadano (MC) present\u00f3 una impugnaci\u00f3n en contra de la repartici\u00f3n de las diputaciones plurinominales al Congreso de Puebla, con la finalidad de incrementar su representaci\u00f3n.<\/p>\n\n\n\n<p>Mediante un comunicado, el instituto pol\u00edtico que lidera Fedrha Suriano Corrales se apunt\u00f3 que la intenci\u00f3n es revertir el numero de espacios por la v\u00eda de Representaci\u00f3n Proporcional, para que el partido pase de dos a tres legisladores.<br><\/p>\n\n\n\n<p>Con este recurso se busca que Lidia L\u00f3pez Aguirre, defensora en derechos humanos de las mujeres, llegue al Poder Legislativo en la siguiente Legislatura.<\/p>\n\n\n\n<p>\u201cSeguiremos trabajando incansablemente para asegurar que voces comprometidas como la de Lidia tengan el espacio y la representaci\u00f3n que merecen en el escenario pol\u00edtico\u201d, se expuso en el comunicado.<\/p>\n\n\n\n<p>Las dos personas que tienen asegurados sus lugar por esta v\u00eda es Suriano Corrales y Marco Antonio de los Santos Hern\u00e1ndez.<\/p>\n\n\n\n<p>Esta impugnaci\u00f3n se sum\u00f3 a la que present\u00f3 el Partido Acci\u00f3n Nacional (PAN), quien acus\u00f3 sobre representaci\u00f3n de Morena y sus partidos aliados, toda vez que obtuvo cuatro curules por esta v\u00eda, que se suman a las 26 que gan\u00f3 en las urnas el pasado 2 de junio.<\/p>\n","protected":false},"excerpt":{"rendered":"<p>El partido estatal Movimiento Ciudadano (MC) present\u00f3 una impugnaci\u00f3n en contra de la repartici\u00f3n de las diputaciones plurinominales al Congreso de Puebla, con la finalidad de incrementar su representaci\u00f3n. Mediante un comunicado, el instituto pol\u00edtico que lidera Fedrha Suriano Corrales se apunt\u00f3 que la intenci\u00f3n es revertir el numero de espacios por la v\u00eda de [&hellip;]<\/p>\n","protected":false},"author":4,"featured_media":47747,"comment_status":"open","ping_status":"open","sticky":false,"template":"","format":"standard","meta":{"om_disable_all_campaigns":false,"_monsterinsights_skip_tracking":false,"_monsterinsights_sitenote_active":false,"_monsterinsights_sitenote_note":"","_monsterinsights_sitenote_category":0,"footnotes":""},"categories":[175],"tags":[227,223],"class_list":["post-47746","post","type-post","status-publish","format-standard","has-post-thumbnail","hentry","category-local","tag-congreso","tag-puebla"],"amp_enabled":true,"_links":{"self":[{"href":"https:\/\/lahora.mx\/index.php\/wp-json\/wp\/v2\/posts\/47746","targetHints":{"allow":["GET"]}}],"collection":[{"href":"https:\/\/lahora.mx\/index.php\/wp-json\/wp\/v2\/posts"}],"about":[{"href":"https:\/\/lahora.mx\/index.php\/wp-json\/wp\/v2\/types\/post"}],"author":[{"embeddable":true,"href":"https:\/\/lahora.mx\/index.php\/wp-json\/wp\/v2\/users\/4"}],"replies":[{"embeddable":true,"href":"https:\/\/lahora.mx\/index.php\/wp-json\/wp\/v2\/comments?post=47746"}],"version-history":[{"count":1,"href":"https:\/\/lahora.mx\/index.php\/wp-json\/wp\/v2\/posts\/47746\/revisions"}],"predecessor-version":[{"id":47748,"href":"https:\/\/lahora.mx\/index.php\/wp-json\/wp\/v2\/posts\/47746\/revisions\/47748"}],"wp:featuredmedia":[{"embeddable":true,"href":"https:\/\/lahora.mx\/index.php\/wp-json\/wp\/v2\/media\/47747"}],"wp:attachment":[{"href":"https:\/\/lahora.mx\/index.php\/wp-json\/wp\/v2\/media?parent=47746"}],"wp:term":[{"taxonomy":"category","embeddable":true,"href":"https:\/\/lahora.mx\/index.php\/wp-json\/wp\/v2\/categories?post=47746"},{"taxonomy":"post_tag","embeddable":true,"href":"https:\/\/lahora.mx\/index.php\/wp-json\/wp\/v2\/tags?post=47746"}],"curies":[{"name":"wp","href":"https:\/\/api.w.org\/{rel}","templated":true}]}}