{"id":47743,"date":"2024-06-19T01:11:03","date_gmt":"2024-06-19T01:11:03","guid":{"rendered":"http:\/\/lahora.mx\/?p=47743"},"modified":"2024-06-19T01:11:04","modified_gmt":"2024-06-19T01:11:04","slug":"edil-de-zapotitlan-con-supuesta-relacion-con-homicidio-se-encuentra-profugo","status":"publish","type":"post","link":"https:\/\/lahora.mx\/index.php\/2024\/06\/19\/edil-de-zapotitlan-con-supuesta-relacion-con-homicidio-se-encuentra-profugo\/","title":{"rendered":"Edil de Zapotitl\u00e1n, con supuesta relaci\u00f3n con homicidio, se encuentra pr\u00f3fugo"},"content":{"rendered":"\n<p>El titular de la Secretar\u00eda de Gobernaci\u00f3n de Puebla (Segob), Javier Aquino Lim\u00f3n, revel\u00f3 que en estos d\u00edas no estableci\u00f3 comunicaci\u00f3n con el alcalde de Zapotitl\u00e1n de M\u00e9ndez, Emiliano V\u00e1zquez Bonilla, a quien se investiga por presuntamente participar en un homicidio y ser sospechoso de participar en el incendio de la casa de una activista.<\/p>\n\n\n\n<p>En entrevista este 18 de junio, el encargado de la gobernabilidad en el Estado inform\u00f3 que ya existen denuncias contra el alcalde y algunos funcionarios de dicha demarcaci\u00f3n, por lo que la Fiscal\u00eda General del Estado (FGE) ya inici\u00f3 una investigaci\u00f3n al respecto.<\/p>\n\n\n\n<p>Aquino Lim\u00f3n dijo que el gobierno del Estado se mantendr\u00e1 al pendiente de las acciones del Cabildo de Zapotitl\u00e1n, ya que presuntamente el edil solicit\u00f3 licencia al cargo.<\/p>\n\n\n\n<p>\u201cHab\u00eda la inquietud de que el presidente habr\u00eda solicitado licencia al cargo para poder atender el tema de la investigaci\u00f3n, es un tema que nosotros estamos atendiendo, evidentemente con esta activista que tuvo alguna consecuencia y se se\u00f1ala tambi\u00e9n al presidente como responsable, es un tema que correr\u00e1 en la v\u00eda legal\u201d, declar\u00f3.<\/p>\n\n\n\n<p>Enfatiz\u00f3 que la FGE tiene avances en la investigaci\u00f3n y espera que en los pr\u00f3ximos d\u00edas de actualizaciones al respecto. Se\u00f1al\u00f3 tambi\u00e9n que la direcci\u00f3n del Gobierno busc\u00f3 contactar con Emiliano V\u00e1zquez Bonilla, sin embrago, no pudieron localizarlo.<\/p>\n\n\n\n<p>Indico que en caso de que haya acciones legales el edil perder\u00e1 sus derechos pol\u00edticos; \u201cHemos hecho la invitaci\u00f3n a trav\u00e9s de terceras personas a que \u00e9l resuelva su situaci\u00f3n del Ayuntamiento y despu\u00e9s act\u00fae ante su situaci\u00f3n penal\u201d, refiri\u00f3 el secretario de Gobernaci\u00f3n.<\/p>\n\n\n\n<p>Se\u00f1alan a edil de Zapotitl\u00e1n de M\u00e9ndez por ejecuci\u00f3n<br>El s\u00e1bado 15 de junio se difundieron videos de la supuesta participaci\u00f3n de Emiliano V\u00e1zquez en el asesinato de Ram\u00f3n Malag\u00f3n, quien era chofer de Salvador Tino Mart\u00ednez, candidato del Partido del Trabajo (PT) y ganador de las elecciones del 2 de junio en Zapotitl\u00e1n de M\u00e9ndez.<\/p>\n\n\n\n<p>De acuerdo con las grabaciones, se observ\u00f3 a Emiliano en presunto estado de ebriedad junto con otros hombres, quienes sometieron al chofer a orillas del r\u00edo Zempoala, donde fue golpeado.<\/p>\n\n\n\n<p>En los videos tambi\u00e9n aparece presuntamente Higinio V\u00e1zquez Bonilla, hermano del actual edil, que seg\u00fan los pobladores est\u00e1 pr\u00f3fugo desde el 1 de junio.<\/p>\n\n\n\n<p>Las im\u00e1genes muestran a un hombre con camisa blanca y pantal\u00f3n de mezclilla, quien presuntamente ser\u00eda el edil y c\u00f3mo golpean a Ram\u00f3n Malag\u00f3n.<\/p>\n\n\n\n<p>En un segundo video se ve al presidente d\u00e1ndole un objeto a uno de sus acompa\u00f1antes; de acuerdo con testimonios de los pobladores se trat\u00f3 de un arma. M\u00e1s adelante el chofer apareci\u00f3 boca abajo y con el pecho ensangrentado.<\/p>\n\n\n\n<p>El 1 de junio hombres de Emilio V\u00e1zquez se enfrentaron a balazos contra simpatizantes del Partido del Trabajo (PT), que apoyaban al candidato Salvador Tino Mart\u00ednez, el hecho dej\u00f3 como saldo una persona muerta.<\/p>\n","protected":false},"excerpt":{"rendered":"<p>El titular de la Secretar\u00eda de Gobernaci\u00f3n de Puebla (Segob), Javier Aquino Lim\u00f3n, revel\u00f3 que en estos d\u00edas no estableci\u00f3 comunicaci\u00f3n con el alcalde de Zapotitl\u00e1n de M\u00e9ndez, Emiliano V\u00e1zquez Bonilla, a quien se investiga por presuntamente participar en un homicidio y ser sospechoso de participar en el incendio de la casa de una activista. [&hellip;]<\/p>\n","protected":false},"author":4,"featured_media":47744,"comment_status":"open","ping_status":"open","sticky":false,"template":"","format":"standard","meta":{"om_disable_all_campaigns":false,"_monsterinsights_skip_tracking":false,"_monsterinsights_sitenote_active":false,"_monsterinsights_sitenote_note":"","_monsterinsights_sitenote_category":0,"footnotes":""},"categories":[175],"tags":[223],"class_list":["post-47743","post","type-post","status-publish","format-standard","has-post-thumbnail","hentry","category-local","tag-puebla"],"amp_enabled":true,"_links":{"self":[{"href":"https:\/\/lahora.mx\/index.php\/wp-json\/wp\/v2\/posts\/47743","targetHints":{"allow":["GET"]}}],"collection":[{"href":"https:\/\/lahora.mx\/index.php\/wp-json\/wp\/v2\/posts"}],"about":[{"href":"https:\/\/lahora.mx\/index.php\/wp-json\/wp\/v2\/types\/post"}],"author":[{"embeddable":true,"href":"https:\/\/lahora.mx\/index.php\/wp-json\/wp\/v2\/users\/4"}],"replies":[{"embeddable":true,"href":"https:\/\/lahora.mx\/index.php\/wp-json\/wp\/v2\/comments?post=47743"}],"version-history":[{"count":1,"href":"https:\/\/lahora.mx\/index.php\/wp-json\/wp\/v2\/posts\/47743\/revisions"}],"predecessor-version":[{"id":47745,"href":"https:\/\/lahora.mx\/index.php\/wp-json\/wp\/v2\/posts\/47743\/revisions\/47745"}],"wp:featuredmedia":[{"embeddable":true,"href":"https:\/\/lahora.mx\/index.php\/wp-json\/wp\/v2\/media\/47744"}],"wp:attachment":[{"href":"https:\/\/lahora.mx\/index.php\/wp-json\/wp\/v2\/media?parent=47743"}],"wp:term":[{"taxonomy":"category","embeddable":true,"href":"https:\/\/lahora.mx\/index.php\/wp-json\/wp\/v2\/categories?post=47743"},{"taxonomy":"post_tag","embeddable":true,"href":"https:\/\/lahora.mx\/index.php\/wp-json\/wp\/v2\/tags?post=47743"}],"curies":[{"name":"wp","href":"https:\/\/api.w.org\/{rel}","templated":true}]}}