{"id":47735,"date":"2024-06-19T00:38:32","date_gmt":"2024-06-19T00:38:32","guid":{"rendered":"http:\/\/lahora.mx\/?p=47735"},"modified":"2024-06-19T00:38:32","modified_gmt":"2024-06-19T00:38:32","slug":"habra-nuevos-cierres-en-la-via-atlixcayotl","status":"publish","type":"post","link":"https:\/\/lahora.mx\/index.php\/2024\/06\/19\/habra-nuevos-cierres-en-la-via-atlixcayotl\/","title":{"rendered":"Habr\u00e1 nuevos cierres en la V\u00eda Atlixc\u00e1yotl"},"content":{"rendered":"\n<p>A partir de las 22:00 horas de este martes 18 de junio de 2024, y hasta el mi\u00e9rcoles 19 a las 14:00 horas, se llevar\u00e1n a cabo cierres intermitentes en los carriles centrales de la V\u00eda Atlixc\u00e1yotl.<\/p>\n\n\n\n<p>De acuerdo con la Secretar\u00eda de Infraestructura, los cierres afectar\u00e1n ambos sentidos de la circulaci\u00f3n a la altura del Perif\u00e9rico Ecol\u00f3gico, es decir, la circulaci\u00f3n en direcci\u00f3n a Atlixco y al centro de la capital poblana permanecer\u00e1 restringida por los trabajos de mantenimiento y mejoras en la infraestructura vial de la zona.<\/p>\n\n\n\n<p>Detalles de los cierres viales en la V\u00eda Atlixc\u00e1yotl<br>El cierre ser\u00e1 desde las 22:00 horas del martes 18 de junio y hasta las 14:00 horas del mi\u00e9rcoles 19 de junio de 2024 en los carriles centrales de la V\u00eda Atlixc\u00e1yotl, a la altura del Perif\u00e9rico Ecol\u00f3gico.<\/p>\n\n\n\n<p>Para evitar congestionamientos y facilitar la movilidad durante los cierres viales, las autoridades recomiendan tomar las siguientes v\u00edas alternas:<\/p>\n\n\n\n<p>Retorno a M\u00e9xico: A trav\u00e9s del Perif\u00e9rico Ecol\u00f3gico y bulevar Las Torres<\/p>\n\n\n\n<p>Retorno a Valsequillo: Por Perif\u00e9rico Ecol\u00f3gico y el Puente a Santa Clara<br>Adem\u00e1s, la Secretar\u00eda de Movilidad y Transporte de Puebla tambi\u00e9n inform\u00f3 sobre estos cierres a trav\u00e9s de redes sociales, exhortando a los automovilistas a planificar sus rutas y utilizar las v\u00edas alternas mencionadas para minimizar las afectaciones en su desplazamiento.<\/p>\n\n\n\n<p>\u201cLe recordamos a las y los conductores que habr\u00e1 cierre intermitente en los carriles centrales en V\u00eda Atlixc\u00e1yotl, a la altura del Perif\u00e9rico Ecol\u00f3gico. Inicia a las 22:00 horas del martes 18 de junio y concluye a las 14:00 horas del mi\u00e9rcoles 19 de junio\u201d, escribi\u00f3 la Secretar\u00eda de Movilidad y Transporte.<\/p>\n","protected":false},"excerpt":{"rendered":"<p>A partir de las 22:00 horas de este martes 18 de junio de 2024, y hasta el mi\u00e9rcoles 19 a las 14:00 horas, se llevar\u00e1n a cabo cierres intermitentes en los carriles centrales de la V\u00eda Atlixc\u00e1yotl. De acuerdo con la Secretar\u00eda de Infraestructura, los cierres afectar\u00e1n ambos sentidos de la circulaci\u00f3n a la altura [&hellip;]<\/p>\n","protected":false},"author":4,"featured_media":47736,"comment_status":"open","ping_status":"open","sticky":false,"template":"","format":"standard","meta":{"om_disable_all_campaigns":false,"_monsterinsights_skip_tracking":false,"_monsterinsights_sitenote_active":false,"_monsterinsights_sitenote_note":"","_monsterinsights_sitenote_category":0,"footnotes":""},"categories":[175],"tags":[195,223],"class_list":["post-47735","post","type-post","status-publish","format-standard","has-post-thumbnail","hentry","category-local","tag-principal","tag-puebla"],"amp_enabled":true,"_links":{"self":[{"href":"https:\/\/lahora.mx\/index.php\/wp-json\/wp\/v2\/posts\/47735","targetHints":{"allow":["GET"]}}],"collection":[{"href":"https:\/\/lahora.mx\/index.php\/wp-json\/wp\/v2\/posts"}],"about":[{"href":"https:\/\/lahora.mx\/index.php\/wp-json\/wp\/v2\/types\/post"}],"author":[{"embeddable":true,"href":"https:\/\/lahora.mx\/index.php\/wp-json\/wp\/v2\/users\/4"}],"replies":[{"embeddable":true,"href":"https:\/\/lahora.mx\/index.php\/wp-json\/wp\/v2\/comments?post=47735"}],"version-history":[{"count":1,"href":"https:\/\/lahora.mx\/index.php\/wp-json\/wp\/v2\/posts\/47735\/revisions"}],"predecessor-version":[{"id":47737,"href":"https:\/\/lahora.mx\/index.php\/wp-json\/wp\/v2\/posts\/47735\/revisions\/47737"}],"wp:featuredmedia":[{"embeddable":true,"href":"https:\/\/lahora.mx\/index.php\/wp-json\/wp\/v2\/media\/47736"}],"wp:attachment":[{"href":"https:\/\/lahora.mx\/index.php\/wp-json\/wp\/v2\/media?parent=47735"}],"wp:term":[{"taxonomy":"category","embeddable":true,"href":"https:\/\/lahora.mx\/index.php\/wp-json\/wp\/v2\/categories?post=47735"},{"taxonomy":"post_tag","embeddable":true,"href":"https:\/\/lahora.mx\/index.php\/wp-json\/wp\/v2\/tags?post=47735"}],"curies":[{"name":"wp","href":"https:\/\/api.w.org\/{rel}","templated":true}]}}