{"id":47723,"date":"2024-06-19T00:02:47","date_gmt":"2024-06-19T00:02:47","guid":{"rendered":"http:\/\/lahora.mx\/?p=47723"},"modified":"2024-06-19T00:02:48","modified_gmt":"2024-06-19T00:02:48","slug":"piden-destitucion-de-directora-de-la-primaria-miguel-hidalgo-y-costilla-de-atlixco","status":"publish","type":"post","link":"https:\/\/lahora.mx\/index.php\/2024\/06\/19\/piden-destitucion-de-directora-de-la-primaria-miguel-hidalgo-y-costilla-de-atlixco\/","title":{"rendered":"Piden destituci\u00f3n de directora de la primaria Miguel Hidalgo y Costilla de Atlixco"},"content":{"rendered":"\n<p>La escuela primaria Miguel Hidalgo y Costilla, ubicada en la colonia Altavista de Atlixco, se encuentra en el centro de la controversia luego de que un grupo de padres de familia solicitara formalmente a la Coordinaci\u00f3n Regional para el Desarrollo Educativo n\u00famero 16 (Corde16) la destituci\u00f3n de la directora del plantel, Eunice Cordero Luna.<\/p>\n\n\n\n<p>El pasado 9 de mayo, mediante un oficio dirigido al coordinador regional Oscar Guerrero Gonz\u00e1lez, los padres enumeraron 15 razones que fundamentan su petici\u00f3n de cambio en la direcci\u00f3n. Entre las principales acusaciones se encuentran alegatos de maltrato hacia los padres de familia, los alumnos y otros docentes de la instituci\u00f3n. Los firmantes del documento argumentan que la edad de la profesora ya no es adecuada para liderar la escuela, siendo este uno de los puntos de conflicto m\u00e1s destacados.<\/p>\n\n\n\n<p>Piden destituci\u00f3n de directora de primaria de Atlixco<br>Adem\u00e1s, denuncian una serie de comportamientos que consideran inaceptables, como la falta de respeto, discriminaci\u00f3n y agresiones verbales, asegurando que no est\u00e1n dispuestos a tolerar m\u00e1s estas conductas. Tambi\u00e9n expresan preocupaci\u00f3n por posibles represalias hacia sus hijos menores a ra\u00edz de su solicitud.<br>Entre los ejemplos citados en el oficio, los padres mencionan que los ni\u00f1os tienen prohibido correr en las instalaciones y cuestionan si existe alguna normativa que lo proh\u00edba. Tambi\u00e9n se\u00f1alan la falta de entrega oportuna de constancias para tramitar la beca Benito Ju\u00e1rez, lo que repercute en la falta de apoyo para algunos alumnos.<\/p>\n\n\n\n<p>Piden destituci\u00f3n de directora de primaria de Atlixco<br>Asimismo, mencionan situaciones donde se ha discriminado a los padres de familia que no tienen estudios acad\u00e9micos, entre otros incidentes.<\/p>\n\n\n\n<p>Ante esta situaci\u00f3n, los padres piden la intervenci\u00f3n de las autoridades competentes para que se encuentre una soluci\u00f3n pronta que evite afectaciones a los estudiantes y asegure un ambiente educativo favorable en la instituci\u00f3n.<\/p>\n","protected":false},"excerpt":{"rendered":"<p>La escuela primaria Miguel Hidalgo y Costilla, ubicada en la colonia Altavista de Atlixco, se encuentra en el centro de la controversia luego de que un grupo de padres de familia solicitara formalmente a la Coordinaci\u00f3n Regional para el Desarrollo Educativo n\u00famero 16 (Corde16) la destituci\u00f3n de la directora del plantel, Eunice Cordero Luna. El [&hellip;]<\/p>\n","protected":false},"author":4,"featured_media":47724,"comment_status":"open","ping_status":"open","sticky":false,"template":"","format":"standard","meta":{"om_disable_all_campaigns":false,"_monsterinsights_skip_tracking":false,"_monsterinsights_sitenote_active":false,"_monsterinsights_sitenote_note":"","_monsterinsights_sitenote_category":0,"footnotes":""},"categories":[175],"tags":[223],"class_list":["post-47723","post","type-post","status-publish","format-standard","has-post-thumbnail","hentry","category-local","tag-puebla"],"amp_enabled":true,"_links":{"self":[{"href":"https:\/\/lahora.mx\/index.php\/wp-json\/wp\/v2\/posts\/47723","targetHints":{"allow":["GET"]}}],"collection":[{"href":"https:\/\/lahora.mx\/index.php\/wp-json\/wp\/v2\/posts"}],"about":[{"href":"https:\/\/lahora.mx\/index.php\/wp-json\/wp\/v2\/types\/post"}],"author":[{"embeddable":true,"href":"https:\/\/lahora.mx\/index.php\/wp-json\/wp\/v2\/users\/4"}],"replies":[{"embeddable":true,"href":"https:\/\/lahora.mx\/index.php\/wp-json\/wp\/v2\/comments?post=47723"}],"version-history":[{"count":1,"href":"https:\/\/lahora.mx\/index.php\/wp-json\/wp\/v2\/posts\/47723\/revisions"}],"predecessor-version":[{"id":47725,"href":"https:\/\/lahora.mx\/index.php\/wp-json\/wp\/v2\/posts\/47723\/revisions\/47725"}],"wp:featuredmedia":[{"embeddable":true,"href":"https:\/\/lahora.mx\/index.php\/wp-json\/wp\/v2\/media\/47724"}],"wp:attachment":[{"href":"https:\/\/lahora.mx\/index.php\/wp-json\/wp\/v2\/media?parent=47723"}],"wp:term":[{"taxonomy":"category","embeddable":true,"href":"https:\/\/lahora.mx\/index.php\/wp-json\/wp\/v2\/categories?post=47723"},{"taxonomy":"post_tag","embeddable":true,"href":"https:\/\/lahora.mx\/index.php\/wp-json\/wp\/v2\/tags?post=47723"}],"curies":[{"name":"wp","href":"https:\/\/api.w.org\/{rel}","templated":true}]}}