{"id":47713,"date":"2024-06-18T18:39:24","date_gmt":"2024-06-18T18:39:24","guid":{"rendered":"http:\/\/lahora.mx\/?p=47713"},"modified":"2024-06-18T18:39:25","modified_gmt":"2024-06-18T18:39:25","slug":"vias-alternas-para-evitar-cruzar-con-los-trabajos-de-bacheo-en-colonias-de-la-capital","status":"publish","type":"post","link":"https:\/\/lahora.mx\/index.php\/2024\/06\/18\/vias-alternas-para-evitar-cruzar-con-los-trabajos-de-bacheo-en-colonias-de-la-capital\/","title":{"rendered":"V\u00edas alternas, para evitar cruzar con los trabajos de bacheo en colonias de la capital"},"content":{"rendered":"\n<p>Este martes 18 de junio se estar\u00e1n haciendo cierres viales en colonias como San Diego Manzanilla, Romero Vargas, Miguel Negrete y Prados Agua Azul, debido a trabajos de bacheo.<\/p>\n\n\n\n<p>As\u00ed lo inform\u00f3 el Ayuntamiento de Puebla, que pidi\u00f3 a la ciudadan\u00eda tomar v\u00edas alternas para evitar posibles colisiones, accidentes y congestiones en la zona.<\/p>\n\n\n\n<p>Las zonas donde se estar\u00e1n ejecutando los trabajos de bacheo son en la zona nor-oriente, nor-poniente, sur-oriente y sur-poniente.<\/p>\n\n\n\n<p>A continuaci\u00f3n, se detallan las calles que ser\u00e1n intervenidas:<\/p>\n\n\n\n<p>\u00b7 Avenida Pino en colonia San Diego Manzanilla<\/p>\n\n\n\n<p>Inicia trabajos en calle Santa Mar\u00eda y termina en calle San Marcos<\/p>\n\n\n\n<p>\u00b7 Calle \u00c1lamos en Ignacio Romero Vargas<br>Inicia en calle Citlalt\u00e9petl y termina en avenida Indalecio Madero<\/p>\n\n\n\n<p>\u00b7 Calle Melchor Ocampo en Ignacio Romero Vargas<\/p>\n\n\n\n<p>Inicia en calle \u00c1lamos y termina en calle Mantitla<\/p>\n\n\n\n<p>\u00b7 Calle 32 A Sur en Miguel Negrete<\/p>\n\n\n\n<p>Inicia en calle 27 Oriente y termina en calle 29 Oriente<\/p>\n\n\n\n<p>\u00b7 Calle 7 A Sur en Prados Agua Azul<\/p>\n\n\n\n<p>Inicia en calle 23 Poniente y termina en Capit\u00e1n Carlos Camacho Esp\u00edritu<\/p>\n\n\n\n<p>\u00b7 Calle 7 Sur<\/p>\n\n\n\n<p>PUBLICIDAD<\/p>\n\n\n\n<p>Inicia en calle 53 Poniente y termina en calle 55 Poniente<\/p>\n","protected":false},"excerpt":{"rendered":"<p>Este martes 18 de junio se estar\u00e1n haciendo cierres viales en colonias como San Diego Manzanilla, Romero Vargas, Miguel Negrete y Prados Agua Azul, debido a trabajos de bacheo. As\u00ed lo inform\u00f3 el Ayuntamiento de Puebla, que pidi\u00f3 a la ciudadan\u00eda tomar v\u00edas alternas para evitar posibles colisiones, accidentes y congestiones en la zona. Las [&hellip;]<\/p>\n","protected":false},"author":4,"featured_media":47714,"comment_status":"open","ping_status":"open","sticky":false,"template":"","format":"standard","meta":{"om_disable_all_campaigns":false,"_monsterinsights_skip_tracking":false,"_monsterinsights_sitenote_active":false,"_monsterinsights_sitenote_note":"","_monsterinsights_sitenote_category":0,"footnotes":""},"categories":[175],"tags":[195,223],"class_list":["post-47713","post","type-post","status-publish","format-standard","has-post-thumbnail","hentry","category-local","tag-principal","tag-puebla"],"amp_enabled":true,"_links":{"self":[{"href":"https:\/\/lahora.mx\/index.php\/wp-json\/wp\/v2\/posts\/47713","targetHints":{"allow":["GET"]}}],"collection":[{"href":"https:\/\/lahora.mx\/index.php\/wp-json\/wp\/v2\/posts"}],"about":[{"href":"https:\/\/lahora.mx\/index.php\/wp-json\/wp\/v2\/types\/post"}],"author":[{"embeddable":true,"href":"https:\/\/lahora.mx\/index.php\/wp-json\/wp\/v2\/users\/4"}],"replies":[{"embeddable":true,"href":"https:\/\/lahora.mx\/index.php\/wp-json\/wp\/v2\/comments?post=47713"}],"version-history":[{"count":1,"href":"https:\/\/lahora.mx\/index.php\/wp-json\/wp\/v2\/posts\/47713\/revisions"}],"predecessor-version":[{"id":47715,"href":"https:\/\/lahora.mx\/index.php\/wp-json\/wp\/v2\/posts\/47713\/revisions\/47715"}],"wp:featuredmedia":[{"embeddable":true,"href":"https:\/\/lahora.mx\/index.php\/wp-json\/wp\/v2\/media\/47714"}],"wp:attachment":[{"href":"https:\/\/lahora.mx\/index.php\/wp-json\/wp\/v2\/media?parent=47713"}],"wp:term":[{"taxonomy":"category","embeddable":true,"href":"https:\/\/lahora.mx\/index.php\/wp-json\/wp\/v2\/categories?post=47713"},{"taxonomy":"post_tag","embeddable":true,"href":"https:\/\/lahora.mx\/index.php\/wp-json\/wp\/v2\/tags?post=47713"}],"curies":[{"name":"wp","href":"https:\/\/api.w.org\/{rel}","templated":true}]}}