{"id":47710,"date":"2024-06-18T18:31:17","date_gmt":"2024-06-18T18:31:17","guid":{"rendered":"http:\/\/lahora.mx\/?p=47710"},"modified":"2024-06-18T18:31:17","modified_gmt":"2024-06-18T18:31:17","slug":"delfina-pozos-hace-mutis-sobre-suplente-de-tania-n","status":"publish","type":"post","link":"https:\/\/lahora.mx\/index.php\/2024\/06\/18\/delfina-pozos-hace-mutis-sobre-suplente-de-tania-n\/","title":{"rendered":"Delfina Pozos hace \u2018mutis\u2019 sobre suplente de Tania N"},"content":{"rendered":"\n<p>La dirigente estatal del Partido Revolucionario Institucional (PRI), Delfina Pozos, evit\u00f3 hablar sobre qui\u00e9n ser\u00e1 su suplente luego de que Tania N., quien ocupa ese lugar, est\u00e1 en la c\u00e1rcel y es investigada por diversos delitos.<\/p>\n\n\n\n<p>En rueda de prensa, Pozos Vergara fue cuestionada sobre si el PRI ya defini\u00f3 qu\u00e9 suceder\u00e1 con la diputaci\u00f3n plurinominal suplente que le corresponde a Tania N., quien enfrenta un proceso judicial luego de que se le vincul\u00f3 con la aparici\u00f3n de seis cuerpos que fueron abandonados en el Perif\u00e9rico Ecol\u00f3gico.<\/p>\n\n\n\n<p>Sin embargo, la priista evit\u00f3 hablar del tema bajo el argumento de que es respetuosa de los procesos legales que vive su compa\u00f1era Tania N.<\/p>\n\n\n\n<p>\u201cTodo ese tema se maneja conforme a lo que marca la ley, y as\u00ed se est\u00e1 haciendo y se seguir\u00e1 haciendo, nosotros no nos hemos salido del marco de la ley, el tema de juzgar a una persona es de una persona y no de un partido\u201d, explic\u00f3.<\/p>\n\n\n\n<p>Asimismo, la dirigente estatal del PRI asegur\u00f3 que no juzgar\u00e1 porque no es un tema que le preocupe a la militancia, por lo que ser\u00e1 la Fiscal\u00eda General del Estado (FGE) quien determine la situaci\u00f3n.<\/p>\n\n\n\n<p>Cabe recordar que Tania N., y sus cinco colaboradores, quedaron vinculados a proceso por seis delitos, esto luego de que el juez de control encontrara las suficientes pruebas en su contra, por lo que seguir\u00e1n encarcelados en el penal de San Miguel.<\/p>\n\n\n\n<p>En otro tema, Delfina Pozos anunci\u00f3 que el 7 de julio habr\u00e1 un reuni\u00f3n nacional con toda la militancia del PRI donde abordar\u00e1n los resultados del proceso electoral del pasado 2 de junio.<\/p>\n\n\n\n<p>La priista explic\u00f3 que en Puebla se har\u00e1n reuniones en: Xicotepec, Chignahuapan, Zacapoaxtla, Coronango, Cuautlancingo, Amozoc, Ciudad Serd\u00e1n, Quecholac, San Andr\u00e9s Cholula, Tepexi de Rodr\u00edguez y Coxcatl\u00e1n, donde se identificaran las problem\u00e1ticas del partido para perder la elecci\u00f3n.<\/p>\n","protected":false},"excerpt":{"rendered":"<p>La dirigente estatal del Partido Revolucionario Institucional (PRI), Delfina Pozos, evit\u00f3 hablar sobre qui\u00e9n ser\u00e1 su suplente luego de que Tania N., quien ocupa ese lugar, est\u00e1 en la c\u00e1rcel y es investigada por diversos delitos. En rueda de prensa, Pozos Vergara fue cuestionada sobre si el PRI ya defini\u00f3 qu\u00e9 suceder\u00e1 con la diputaci\u00f3n [&hellip;]<\/p>\n","protected":false},"author":4,"featured_media":47711,"comment_status":"open","ping_status":"open","sticky":false,"template":"","format":"standard","meta":{"om_disable_all_campaigns":false,"_monsterinsights_skip_tracking":false,"_monsterinsights_sitenote_active":false,"_monsterinsights_sitenote_note":"","_monsterinsights_sitenote_category":0,"footnotes":""},"categories":[175],"tags":[223],"class_list":["post-47710","post","type-post","status-publish","format-standard","has-post-thumbnail","hentry","category-local","tag-puebla"],"amp_enabled":true,"_links":{"self":[{"href":"https:\/\/lahora.mx\/index.php\/wp-json\/wp\/v2\/posts\/47710","targetHints":{"allow":["GET"]}}],"collection":[{"href":"https:\/\/lahora.mx\/index.php\/wp-json\/wp\/v2\/posts"}],"about":[{"href":"https:\/\/lahora.mx\/index.php\/wp-json\/wp\/v2\/types\/post"}],"author":[{"embeddable":true,"href":"https:\/\/lahora.mx\/index.php\/wp-json\/wp\/v2\/users\/4"}],"replies":[{"embeddable":true,"href":"https:\/\/lahora.mx\/index.php\/wp-json\/wp\/v2\/comments?post=47710"}],"version-history":[{"count":1,"href":"https:\/\/lahora.mx\/index.php\/wp-json\/wp\/v2\/posts\/47710\/revisions"}],"predecessor-version":[{"id":47712,"href":"https:\/\/lahora.mx\/index.php\/wp-json\/wp\/v2\/posts\/47710\/revisions\/47712"}],"wp:featuredmedia":[{"embeddable":true,"href":"https:\/\/lahora.mx\/index.php\/wp-json\/wp\/v2\/media\/47711"}],"wp:attachment":[{"href":"https:\/\/lahora.mx\/index.php\/wp-json\/wp\/v2\/media?parent=47710"}],"wp:term":[{"taxonomy":"category","embeddable":true,"href":"https:\/\/lahora.mx\/index.php\/wp-json\/wp\/v2\/categories?post=47710"},{"taxonomy":"post_tag","embeddable":true,"href":"https:\/\/lahora.mx\/index.php\/wp-json\/wp\/v2\/tags?post=47710"}],"curies":[{"name":"wp","href":"https:\/\/api.w.org\/{rel}","templated":true}]}}